{"id":10001,"date":"2023-02-09T22:47:48","date_gmt":"2023-02-09T22:47:48","guid":{"rendered":"https:\/\/ceca.mini.icom.museum\/?p=10001"},"modified":"2023-02-10T13:26:37","modified_gmt":"2023-02-10T13:26:37","slug":"la-educacion-en-los-museos","status":"publish","type":"post","link":"https:\/\/ceca.mini.icom.museum\/es\/la-educacion-en-los-museos\/","title":{"rendered":"La educaci\u00f3n en los museos"},"content":{"rendered":"<p>&nbsp;<\/p>\n<h4 style=\"text-align: center\"><\/h4>\n<h4 style=\"text-align: center\"><img decoding=\"async\" loading=\"lazy\" class=\"aligncenter wp-image-10006 size-full\" src=\"https:\/\/ceca.mini.icom.museum\/wp-content\/uploads\/sites\/5\/2023\/02\/Montage-presentation-murcia-Rosa-700R-1.jpg\" alt=\"\" width=\"700\" height=\"200\" srcset=\"https:\/\/ceca.mini.icom.museum\/wp-content\/uploads\/sites\/5\/2023\/02\/Montage-presentation-murcia-Rosa-700R-1.jpg 700w, https:\/\/ceca.mini.icom.museum\/wp-content\/uploads\/sites\/5\/2023\/02\/Montage-presentation-murcia-Rosa-700R-1-300x86.jpg 300w\" sizes=\"(max-width: 700px) 100vw, 700px\" \/><\/h4>\n<h4 style=\"text-align: center\"><span style=\"font-size: large\"><b>Curso de investigaci\u00f3n aplicada a la educaci\u00f3n en los museos <\/b><\/span><span style=\"font-size: large\"><b>2023<\/b><\/span><\/h4>\n<h4><strong>\u25ba \u25ba Descripci\u00f3n del curso &lt;<a href=\"https:\/\/ceca.mini.icom.museum\/wp-content\/uploads\/sites\/5\/2023\/02\/WeB-CECA-Curso-de-Formacio\u0301n-en-Investigacio\u0301n-aplicada-a-la-Educacio\u0301n-en-Museos.pdf\" target=\"_blank\" rel=\"noopener\">aqu\u00ed<\/a>&gt;<\/strong><\/h4>\n<p>Difusi\u00f3n: 6 de febrero al 3 de abril 2023<br \/>\nPer\u00edodo lectivo:15 de mayo al 30 noviembre<br \/>\nPer\u00edodo acad\u00e9mico:15 de mayo al 30 de noviembre<\/p>\n<p>Per\u00edodo solicitud de beca:<br \/>\nPreinscripci\u00f3n: 1 de marzo al 3 de abril 2023<br \/>\nPublicaci\u00f3n de lista provisional preinscritos: 4 de abril al 11 de abril 2023 y reclamaciones<\/p>\n<p>Periodo publicaci\u00f3n lista definitiva de preinscritos 12 al 17 de abril<br \/>\nMatr\u00edcula: 18 de abril al 22 de abril 2023<\/p>\n<p>Videoconferencia inicial: 24 de abril al 15 de mayo 2023<\/p>\n<p>Curso 0 de aprendizaje del Aula Virtual: 24 de abril al 12 de mayo 2023<\/p>\n<p>Actividad 1 Las revistas de investigaci\u00f3n (15 al 22 de mayo 2023) 8 d\u00edas<br \/>\nActividad 2. C\u00f3mo se redacta un proyecto. Buscando estructuras (de 23 al 30 de mayo 2023) 8 d\u00edas<\/p>\n<p><strong>Videoconferencia sobre c\u00f3mo hacer un proyecto<\/strong><\/p>\n<p>Actividad 3. Aprender a referir autores en un texto cient\u00edfico (del 31 de mayo al 12 de junio 2023) 13 d\u00edas<br \/>\nActividad 4. Identificar los visitantes de los museos (del 13 al 26 de junio 2023). 14 d\u00edas<br \/>\nActividad global m\u00f3dulo 1. Realizar un proyecto de investigaci\u00f3n 31 de julio (mes y medio)<br \/>\nActividad 5. Wiki. Investigando e innovando en el museo (del 27 de junio al 10 de julio). 15 d\u00edas<\/p>\n<p><strong>Videoconferencia sobre c\u00f3mo hacer un informe<\/strong><\/p>\n<p>Actividad 6. Qu\u00e9 es lo m\u00e1s apropiado (del 11 al 21 de julio 2023) (10 d\u00edas)<br \/>\nInforme de investigaci\u00f3n: noviembre 2023 (4 meses)<\/p>\n<p>&nbsp;<\/p>\n<p style=\"text-align: center\"><img decoding=\"async\" loading=\"lazy\" class=\"aligncenter wp-image-10018 size-full\" src=\"https:\/\/ceca.mini.icom.museum\/wp-content\/uploads\/sites\/5\/2023\/02\/bandeau-etudiants-murcia-bb1-colore-news-700R.jpg\" alt=\"\" width=\"700\" height=\"155\" srcset=\"https:\/\/ceca.mini.icom.museum\/wp-content\/uploads\/sites\/5\/2023\/02\/bandeau-etudiants-murcia-bb1-colore-news-700R.jpg 700w, https:\/\/ceca.mini.icom.museum\/wp-content\/uploads\/sites\/5\/2023\/02\/bandeau-etudiants-murcia-bb1-colore-news-700R-300x66.jpg 300w\" sizes=\"(max-width: 700px) 100vw, 700px\" \/><\/p>\n<p>&nbsp;<\/p>\n<p><span style=\"font-size: large\">\u00a0<\/span><\/p>\n","protected":false},"excerpt":{"rendered":"<p>&nbsp; Curso de investigaci\u00f3n aplicada a la educaci\u00f3n en los museos 2023 \u25ba \u25ba Descripci\u00f3n del curso &lt;aqu\u00ed&gt; Difusi\u00f3n: 6 de febrero al 3 de abril 2023 Per\u00edodo lectivo:15 de mayo al 30 noviembre Per\u00edodo acad\u00e9mico:15 de mayo al 30 de noviembre Per\u00edodo solicitud de beca: Preinscripci\u00f3n: 1 de marzo al 3 de abril 2023 [&hellip;]<\/p>\n","protected":false},"author":31,"featured_media":10014,"comment_status":"open","ping_status":"open","sticky":false,"template":"","format":"standard","meta":{"footnotes":""},"categories":[18],"tags":[],"yst_prominent_words":[3297],"acf":[],"_links":{"self":[{"href":"https:\/\/ceca.mini.icom.museum\/es\/wp-json\/wp\/v2\/posts\/10001"}],"collection":[{"href":"https:\/\/ceca.mini.icom.museum\/es\/wp-json\/wp\/v2\/posts"}],"about":[{"href":"https:\/\/ceca.mini.icom.museum\/es\/wp-json\/wp\/v2\/types\/post"}],"author":[{"embeddable":true,"href":"https:\/\/ceca.mini.icom.museum\/es\/wp-json\/wp\/v2\/users\/31"}],"replies":[{"embeddable":true,"href":"https:\/\/ceca.mini.icom.museum\/es\/wp-json\/wp\/v2\/comments?post=10001"}],"version-history":[{"count":6,"href":"https:\/\/ceca.mini.icom.museum\/es\/wp-json\/wp\/v2\/posts\/10001\/revisions"}],"predecessor-version":[{"id":10035,"href":"https:\/\/ceca.mini.icom.museum\/es\/wp-json\/wp\/v2\/posts\/10001\/revisions\/10035"}],"wp:featuredmedia":[{"embeddable":true,"href":"https:\/\/ceca.mini.icom.museum\/es\/wp-json\/wp\/v2\/media\/10014"}],"wp:attachment":[{"href":"https:\/\/ceca.mini.icom.museum\/es\/wp-json\/wp\/v2\/media?parent=10001"}],"wp:term":[{"taxonomy":"category","embeddable":true,"href":"https:\/\/ceca.mini.icom.museum\/es\/wp-json\/wp\/v2\/categories?post=10001"},{"taxonomy":"post_tag","embeddable":true,"href":"https:\/\/ceca.mini.icom.museum\/es\/wp-json\/wp\/v2\/tags?post=10001"},{"taxonomy":"yst_prominent_words","embeddable":true,"href":"https:\/\/ceca.mini.icom.museum\/es\/wp-json\/wp\/v2\/yst_prominent_words?post=10001"}],"curies":[{"name":"wp","href":"https:\/\/api.w.org\/{rel}","templated":true}]}}