{"id":10993,"date":"2023-12-06T16:19:00","date_gmt":"2023-12-06T16:19:00","guid":{"rendered":"https:\/\/ceca.mini.icom.museum\/?p=10993"},"modified":"2024-02-21T01:18:38","modified_gmt":"2024-02-21T01:18:38","slug":"album-de-fotos-conferencia-singapur-2023","status":"publish","type":"post","link":"https:\/\/ceca.mini.icom.museum\/es\/album-de-fotos-conferencia-singapur-2023\/","title":{"rendered":"\u00c1lbum de fotos Conferencia Singapur 2023"},"content":{"rendered":"<p><strong>Utilice &lt;<a href=\"https:\/\/photos.app.goo.gl\/kVbdjBMz9H6BztFYA\" target=\"_blank\" rel=\"noopener\">este enlace<\/a>&gt; para acceder a un \u00e1lbum de fotos<\/strong> de los momentos m\u00e1s destacados de la conferencia anual de Singapur 2023.<\/p>\n<p>Puede hacer clic en todas las fotos del \u00e1lbum para ampliarlas. Para volver a la vista general del \u00e1lbum, haga clic en la peque\u00f1a flecha blanca de la parte superior izquierda.<\/p>\n<p><strong>Fotos cortes\u00eda de<\/strong> NHB, Asmah ALIAS, Rosa Mar\u00eda HERVAS AVILES, Wencke MADERBACHER.<br \/>\nDise\u00f1o y maquetaci\u00f3n: Marie-Fran\u00e7oise DELVAL.<\/p>\n<p>&nbsp;<\/p>\n<p><img decoding=\"async\" loading=\"lazy\" class=\"aligncenter wp-image-10976\" src=\"https:\/\/ceca.mini.icom.museum\/wp-content\/uploads\/sites\/5\/2023\/12\/cartel-photographes-monteurs-03-300x106.jpg\" alt=\"\" width=\"700\" height=\"247\" srcset=\"https:\/\/ceca.mini.icom.museum\/wp-content\/uploads\/sites\/5\/2023\/12\/cartel-photographes-monteurs-03-300x106.jpg 300w, https:\/\/ceca.mini.icom.museum\/wp-content\/uploads\/sites\/5\/2023\/12\/cartel-photographes-monteurs-03-1024x361.jpg 1024w, https:\/\/ceca.mini.icom.museum\/wp-content\/uploads\/sites\/5\/2023\/12\/cartel-photographes-monteurs-03-768x271.jpg 768w, https:\/\/ceca.mini.icom.museum\/wp-content\/uploads\/sites\/5\/2023\/12\/cartel-photographes-monteurs-03-1536x541.jpg 1536w, https:\/\/ceca.mini.icom.museum\/wp-content\/uploads\/sites\/5\/2023\/12\/cartel-photographes-monteurs-03.jpg 1892w\" sizes=\"(max-width: 700px) 100vw, 700px\" \/><\/p>\n<p>&nbsp;<\/p>\n<p>&nbsp;<\/p>\n<p>&nbsp;<\/p>\n<p>&nbsp;<\/p>\n<p>&nbsp;<\/p>\n<p>&nbsp;<\/p>\n<p>&nbsp;<\/p>\n","protected":false},"excerpt":{"rendered":"<p>Utilice &lt;este enlace&gt; para acceder a un \u00e1lbum de fotos de los momentos m\u00e1s destacados de la conferencia anual de Singapur 2023. Puede hacer clic en todas las fotos del \u00e1lbum para ampliarlas. Para volver a la vista general del \u00e1lbum, haga clic en la peque\u00f1a flecha blanca de la parte superior izquierda. Fotos cortes\u00eda [&hellip;]<\/p>\n","protected":false},"author":31,"featured_media":10967,"comment_status":"open","ping_status":"open","sticky":false,"template":"","format":"standard","meta":{"footnotes":""},"categories":[18],"tags":[],"yst_prominent_words":[2575,277,91,591,286,291,301],"acf":[],"_links":{"self":[{"href":"https:\/\/ceca.mini.icom.museum\/es\/wp-json\/wp\/v2\/posts\/10993"}],"collection":[{"href":"https:\/\/ceca.mini.icom.museum\/es\/wp-json\/wp\/v2\/posts"}],"about":[{"href":"https:\/\/ceca.mini.icom.museum\/es\/wp-json\/wp\/v2\/types\/post"}],"author":[{"embeddable":true,"href":"https:\/\/ceca.mini.icom.museum\/es\/wp-json\/wp\/v2\/users\/31"}],"replies":[{"embeddable":true,"href":"https:\/\/ceca.mini.icom.museum\/es\/wp-json\/wp\/v2\/comments?post=10993"}],"version-history":[{"count":5,"href":"https:\/\/ceca.mini.icom.museum\/es\/wp-json\/wp\/v2\/posts\/10993\/revisions"}],"predecessor-version":[{"id":11458,"href":"https:\/\/ceca.mini.icom.museum\/es\/wp-json\/wp\/v2\/posts\/10993\/revisions\/11458"}],"wp:featuredmedia":[{"embeddable":true,"href":"https:\/\/ceca.mini.icom.museum\/es\/wp-json\/wp\/v2\/media\/10967"}],"wp:attachment":[{"href":"https:\/\/ceca.mini.icom.museum\/es\/wp-json\/wp\/v2\/media?parent=10993"}],"wp:term":[{"taxonomy":"category","embeddable":true,"href":"https:\/\/ceca.mini.icom.museum\/es\/wp-json\/wp\/v2\/categories?post=10993"},{"taxonomy":"post_tag","embeddable":true,"href":"https:\/\/ceca.mini.icom.museum\/es\/wp-json\/wp\/v2\/tags?post=10993"},{"taxonomy":"yst_prominent_words","embeddable":true,"href":"https:\/\/ceca.mini.icom.museum\/es\/wp-json\/wp\/v2\/yst_prominent_words?post=10993"}],"curies":[{"name":"wp","href":"https:\/\/api.w.org\/{rel}","templated":true}]}}