{"id":11436,"date":"2024-02-19T09:08:52","date_gmt":"2024-02-19T09:08:52","guid":{"rendered":"https:\/\/ceca.mini.icom.museum\/?p=11436"},"modified":"2024-02-19T09:58:17","modified_gmt":"2024-02-19T09:58:17","slug":"nuevo-acronimo-ceca","status":"publish","type":"post","link":"https:\/\/ceca.mini.icom.museum\/es\/nuevo-acronimo-ceca\/","title":{"rendered":"Nuevo acr\u00f3nimo CECA"},"content":{"rendered":"<p><strong>Para mejorar su visibilidad, el ICOM lanzar\u00e1 en 2024 una campa\u00f1a de replanteamiento de las siglas utilizadas para identificar a sus comit\u00e9s internacionales.<\/strong><br \/>\nMientras que algunas siglas son f\u00e1cilmente comprensibles para las personas ajenas al ICOM, otras son poco comprensibles. El acr\u00f3nimo CECA es poco claras para los no iniciados. Adem\u00e1s, el trabajo de investigaci\u00f3n realizado por algunos de nosotros sobre el t\u00e9rmino acci\u00f3n cultural ha demostrado su relativa falta de relevancia contempor\u00e1nea.<\/p>\n<p>Por estas dos razones, <strong>le invitamos a participar en una encuesta destinada<\/strong> a implicar a los miembros del CECA en este proceso de reflexi\u00f3n.<br \/>\nEl ICOM no obliga a los comit\u00e9s internacionales a cambiar. \u00bfPrefiere el statu quo o la evoluci\u00f3n?<\/p>\n<p><strong><span lang=\"fr-FR\">\u25ba\u25ba<\/span> Haz clic &lt;<a href=\"https:\/\/docs.google.com\/forms\/d\/e\/1FAIpQLSeW6xqNYUGzMhRJ-CQVmuri2ZHrc95GygQinBnKFbjTEAEcNA\/viewform?fbzx=-7117682388453452560\" target=\"_blank\" rel=\"noopener\">AQU\u00cd<\/a>&gt; para acceder a la informaci\u00f3n y al formulario<\/strong><\/p>\n<p>&nbsp;<\/p>\n<p>&nbsp;<\/p>\n","protected":false},"excerpt":{"rendered":"<p>Para mejorar su visibilidad, el ICOM lanzar\u00e1 en 2024 una campa\u00f1a de replanteamiento de las siglas utilizadas para identificar a sus comit\u00e9s internacionales. Mientras que algunas siglas son f\u00e1cilmente comprensibles para las personas ajenas al ICOM, otras son poco comprensibles. El acr\u00f3nimo CECA es poco claras para los no iniciados. Adem\u00e1s, el trabajo de investigaci\u00f3n [&hellip;]<\/p>\n","protected":false},"author":31,"featured_media":11443,"comment_status":"open","ping_status":"open","sticky":false,"template":"","format":"standard","meta":{"footnotes":""},"categories":[18],"tags":[],"yst_prominent_words":[869,42,1339,1395,277,289,286,36,1996,320,301,986,3375,2347,300],"acf":[],"_links":{"self":[{"href":"https:\/\/ceca.mini.icom.museum\/es\/wp-json\/wp\/v2\/posts\/11436"}],"collection":[{"href":"https:\/\/ceca.mini.icom.museum\/es\/wp-json\/wp\/v2\/posts"}],"about":[{"href":"https:\/\/ceca.mini.icom.museum\/es\/wp-json\/wp\/v2\/types\/post"}],"author":[{"embeddable":true,"href":"https:\/\/ceca.mini.icom.museum\/es\/wp-json\/wp\/v2\/users\/31"}],"replies":[{"embeddable":true,"href":"https:\/\/ceca.mini.icom.museum\/es\/wp-json\/wp\/v2\/comments?post=11436"}],"version-history":[{"count":2,"href":"https:\/\/ceca.mini.icom.museum\/es\/wp-json\/wp\/v2\/posts\/11436\/revisions"}],"predecessor-version":[{"id":11438,"href":"https:\/\/ceca.mini.icom.museum\/es\/wp-json\/wp\/v2\/posts\/11436\/revisions\/11438"}],"wp:featuredmedia":[{"embeddable":true,"href":"https:\/\/ceca.mini.icom.museum\/es\/wp-json\/wp\/v2\/media\/11443"}],"wp:attachment":[{"href":"https:\/\/ceca.mini.icom.museum\/es\/wp-json\/wp\/v2\/media?parent=11436"}],"wp:term":[{"taxonomy":"category","embeddable":true,"href":"https:\/\/ceca.mini.icom.museum\/es\/wp-json\/wp\/v2\/categories?post=11436"},{"taxonomy":"post_tag","embeddable":true,"href":"https:\/\/ceca.mini.icom.museum\/es\/wp-json\/wp\/v2\/tags?post=11436"},{"taxonomy":"yst_prominent_words","embeddable":true,"href":"https:\/\/ceca.mini.icom.museum\/es\/wp-json\/wp\/v2\/yst_prominent_words?post=11436"}],"curies":[{"name":"wp","href":"https:\/\/api.w.org\/{rel}","templated":true}]}}