{"id":11489,"date":"2024-03-02T18:21:39","date_gmt":"2024-03-02T18:21:39","guid":{"rendered":"https:\/\/ceca.mini.icom.museum\/?p=11489"},"modified":"2024-03-02T18:26:08","modified_gmt":"2024-03-02T18:26:08","slug":"sesiones-internacionales-de-formacion-hibrida-sobre-educacion-en-museos-iran","status":"publish","type":"post","link":"https:\/\/ceca.mini.icom.museum\/es\/sesiones-internacionales-de-formacion-hibrida-sobre-educacion-en-museos-iran\/","title":{"rendered":"Sesiones internacionales de formaci\u00f3n h\u00edbrida sobre educaci\u00f3n en museos \/ Ir\u00e1n"},"content":{"rendered":"<p><strong>Sesiones internacionales de formaci\u00f3n h\u00edbrida sobre educaci\u00f3n en museos<\/strong><br \/>\nInstituto de Investigaci\u00f3n sobre Patrimonio Cultural y Turismo (RICHT) de Ir\u00e1n en colaboraci\u00f3n con el ICOM-CECA<br \/>\nComit\u00e9 Internacional para la Educaci\u00f3n y la Acci\u00f3n Cultural<br \/>\n<strong>Teher\u00e1n- 2-3 de marzo de 2024<\/strong><\/p>\n<p><strong>Programa | S\u00e1bado 2.3.2024<\/strong><br \/>\nT\u00edtulo: La importancia de la educaci\u00f3n en los museos<\/p>\n<p><strong>Programa | S\u00e1bado 2.3.2024<\/strong><br \/>\nT\u00edtulo: Desarrollo y promoci\u00f3n de la educaci\u00f3n en museos<\/p>\n<p>&nbsp;<\/p>\n<p><a href=\"https:\/\/ceca.mini.icom.museum\/wp-content\/uploads\/sites\/5\/2024\/03\/Final-program-eng.pdf\" target=\"_blank\" rel=\"noopener\">Final program eng<\/a><\/p>\n<p><a href=\"https:\/\/ceca.mini.icom.museum\/wp-content\/uploads\/sites\/5\/2024\/03\/Final-Program-International-Hybrid-Training-Sessions-on-Education-in-Museum-Tehran-In-English.pdf\" target=\"_blank\" rel=\"noopener\">Final Program &#8211; International Hybrid Training Sessions on Education in Museum- Tehran (In English)<\/a><\/p>\n<p><a href=\"https:\/\/ceca.mini.icom.museum\/wp-content\/uploads\/sites\/5\/2024\/03\/Brochure.pdf\" target=\"_blank\" rel=\"noopener\">Brochure<\/a><\/p>\n<p><strong>Skyroom : link<\/strong>: <a href=\"https:\/\/www.skyroom.online\/ch\/richt\/pajouheshi\" target=\"_blank\" rel=\"noopener\">https:\/\/www.skyroom.online\/ch\/richt\/pajouheshi<\/a><\/p>\n<p>&nbsp;<\/p>\n<p>&nbsp;<\/p>\n<p>&nbsp;<\/p>\n","protected":false},"excerpt":{"rendered":"<p>Sesiones internacionales de formaci\u00f3n h\u00edbrida sobre educaci\u00f3n en museos Instituto de Investigaci\u00f3n sobre Patrimonio Cultural y Turismo (RICHT) de Ir\u00e1n en colaboraci\u00f3n con el ICOM-CECA Comit\u00e9 Internacional para la Educaci\u00f3n y la Acci\u00f3n Cultural Teher\u00e1n- 2-3 de marzo de 2024 Programa | S\u00e1bado 2.3.2024 T\u00edtulo: La importancia de la educaci\u00f3n en los museos Programa | [&hellip;]<\/p>\n","protected":false},"author":31,"featured_media":11473,"comment_status":"open","ping_status":"open","sticky":false,"template":"","format":"standard","meta":{"footnotes":""},"categories":[18],"tags":[],"yst_prominent_words":[41,277,91,287,283,282,286,284,291,2022,288,3232,1346],"acf":[],"_links":{"self":[{"href":"https:\/\/ceca.mini.icom.museum\/es\/wp-json\/wp\/v2\/posts\/11489"}],"collection":[{"href":"https:\/\/ceca.mini.icom.museum\/es\/wp-json\/wp\/v2\/posts"}],"about":[{"href":"https:\/\/ceca.mini.icom.museum\/es\/wp-json\/wp\/v2\/types\/post"}],"author":[{"embeddable":true,"href":"https:\/\/ceca.mini.icom.museum\/es\/wp-json\/wp\/v2\/users\/31"}],"replies":[{"embeddable":true,"href":"https:\/\/ceca.mini.icom.museum\/es\/wp-json\/wp\/v2\/comments?post=11489"}],"version-history":[{"count":2,"href":"https:\/\/ceca.mini.icom.museum\/es\/wp-json\/wp\/v2\/posts\/11489\/revisions"}],"predecessor-version":[{"id":11491,"href":"https:\/\/ceca.mini.icom.museum\/es\/wp-json\/wp\/v2\/posts\/11489\/revisions\/11491"}],"wp:featuredmedia":[{"embeddable":true,"href":"https:\/\/ceca.mini.icom.museum\/es\/wp-json\/wp\/v2\/media\/11473"}],"wp:attachment":[{"href":"https:\/\/ceca.mini.icom.museum\/es\/wp-json\/wp\/v2\/media?parent=11489"}],"wp:term":[{"taxonomy":"category","embeddable":true,"href":"https:\/\/ceca.mini.icom.museum\/es\/wp-json\/wp\/v2\/categories?post=11489"},{"taxonomy":"post_tag","embeddable":true,"href":"https:\/\/ceca.mini.icom.museum\/es\/wp-json\/wp\/v2\/tags?post=11489"},{"taxonomy":"yst_prominent_words","embeddable":true,"href":"https:\/\/ceca.mini.icom.museum\/es\/wp-json\/wp\/v2\/yst_prominent_words?post=11489"}],"curies":[{"name":"wp","href":"https:\/\/api.w.org\/{rel}","templated":true}]}}