{"id":12069,"date":"2024-11-07T11:52:35","date_gmt":"2024-11-07T11:52:35","guid":{"rendered":"https:\/\/ceca.mini.icom.museum\/?p=12069"},"modified":"2024-11-07T11:58:49","modified_gmt":"2024-11-07T11:58:49","slug":"xive-reunion-regionale-du-ceca-lac-25-au-27-novembre-2024","status":"publish","type":"post","link":"https:\/\/ceca.mini.icom.museum\/es\/xive-reunion-regionale-du-ceca-lac-25-au-27-novembre-2024\/","title":{"rendered":"XIV Encuentro Regional del CECA LAC, 25 al 27 de noviembre de 2024"},"content":{"rendered":"<p><strong>XIV Encuentro Regional del CECA LAC<\/strong>, &#8220;Educaci\u00f3n Museal y Democracia: Diversidad, Inclusi\u00f3n y Derecho a la Memoria&#8221;,<strong> 25 al 27 de noviembre de 2024<\/strong>.<\/p>\n<p><strong>VIII Foro Nacional de Museos<\/strong> &#8211; Democracia y derecho a la memoria. <strong>25 al 30 de noviembre de 2024, Fortaleza<\/strong> \u2013 Cear\u00e1 (Brasil).<\/p>\n<p>El Foro Nacional de Museos, organizado por el Instituto Brasile\u00f1o de Museos (IBRAM), es un evento de \u00e1mbito nacional que tiene como objetivo reflexionar, evaluar y trazar las directrices de la Pol\u00edtica Nacional de Museos y consolidar las bases para la implementaci\u00f3n de un modelo de gesti\u00f3n integrado de los museos brasile\u00f1os. No ha habido un Foro Nacional de Museos desde 2017, por lo que el evento es muy esperado por la comunidad muse\u00edstica brasile\u00f1a.<br \/>\n<strong>El Encuentro Regional del CECA LAC se articular\u00e1 con este Foro<\/strong> y se beneficiar\u00e1 del programa en su conjunto, el cual incluye: conferencias, paneles, comunicaciones coordinadas, cursos cortos, grupos de trabajo y programas paralelos.<\/p>\n<p><strong>Programa del XIV Encuentro Regional del CECA LAC &lt;<a href=\"https:\/\/ceca.mini.icom.museum\/wp-content\/uploads\/sites\/5\/2024\/11\/PROGRAMA-del-XIV-Encuentro-Regional-del-CECA-LAC_ESP.pdf\" target=\"_blank\" rel=\"noopener\">aqu\u00ed<\/a>&gt;<\/strong><\/p>\n<p><img decoding=\"async\" loading=\"lazy\" class=\"aligncenter wp-image-12073\" src=\"https:\/\/ceca.mini.icom.museum\/wp-content\/uploads\/sites\/5\/2024\/11\/montage-LAC-2023-01-700px-300x190.jpg\" alt=\"\" width=\"500\" height=\"316\" srcset=\"https:\/\/ceca.mini.icom.museum\/wp-content\/uploads\/sites\/5\/2024\/11\/montage-LAC-2023-01-700px-300x190.jpg 300w, https:\/\/ceca.mini.icom.museum\/wp-content\/uploads\/sites\/5\/2024\/11\/montage-LAC-2023-01-700px.jpg 700w\" sizes=\"(max-width: 500px) 100vw, 500px\" \/><\/p>\n","protected":false},"excerpt":{"rendered":"<p>XIV Encuentro Regional del CECA LAC, &#8220;Educaci\u00f3n Museal y Democracia: Diversidad, Inclusi\u00f3n y Derecho a la Memoria&#8221;, 25 al 27 de noviembre de 2024. VIII Foro Nacional de Museos &#8211; Democracia y derecho a la memoria. 25 al 30 de noviembre de 2024, Fortaleza \u2013 Cear\u00e1 (Brasil). El Foro Nacional de Museos, organizado por el [&hellip;]<\/p>\n","protected":false},"author":31,"featured_media":12070,"comment_status":"open","ping_status":"open","sticky":false,"template":"","format":"standard","meta":{"footnotes":""},"categories":[18],"tags":[],"yst_prominent_words":[126],"acf":[],"_links":{"self":[{"href":"https:\/\/ceca.mini.icom.museum\/es\/wp-json\/wp\/v2\/posts\/12069"}],"collection":[{"href":"https:\/\/ceca.mini.icom.museum\/es\/wp-json\/wp\/v2\/posts"}],"about":[{"href":"https:\/\/ceca.mini.icom.museum\/es\/wp-json\/wp\/v2\/types\/post"}],"author":[{"embeddable":true,"href":"https:\/\/ceca.mini.icom.museum\/es\/wp-json\/wp\/v2\/users\/31"}],"replies":[{"embeddable":true,"href":"https:\/\/ceca.mini.icom.museum\/es\/wp-json\/wp\/v2\/comments?post=12069"}],"version-history":[{"count":5,"href":"https:\/\/ceca.mini.icom.museum\/es\/wp-json\/wp\/v2\/posts\/12069\/revisions"}],"predecessor-version":[{"id":12080,"href":"https:\/\/ceca.mini.icom.museum\/es\/wp-json\/wp\/v2\/posts\/12069\/revisions\/12080"}],"wp:featuredmedia":[{"embeddable":true,"href":"https:\/\/ceca.mini.icom.museum\/es\/wp-json\/wp\/v2\/media\/12070"}],"wp:attachment":[{"href":"https:\/\/ceca.mini.icom.museum\/es\/wp-json\/wp\/v2\/media?parent=12069"}],"wp:term":[{"taxonomy":"category","embeddable":true,"href":"https:\/\/ceca.mini.icom.museum\/es\/wp-json\/wp\/v2\/categories?post=12069"},{"taxonomy":"post_tag","embeddable":true,"href":"https:\/\/ceca.mini.icom.museum\/es\/wp-json\/wp\/v2\/tags?post=12069"},{"taxonomy":"yst_prominent_words","embeddable":true,"href":"https:\/\/ceca.mini.icom.museum\/es\/wp-json\/wp\/v2\/yst_prominent_words?post=12069"}],"curies":[{"name":"wp","href":"https:\/\/api.w.org\/{rel}","templated":true}]}}