{"id":13737,"date":"2025-10-13T14:17:50","date_gmt":"2025-10-13T14:17:50","guid":{"rendered":"https:\/\/ceca.mini.icom.museum\/?p=13737"},"modified":"2025-10-13T14:17:50","modified_gmt":"2025-10-13T14:17:50","slug":"historia-de-la-mediacion-museal-francia","status":"publish","type":"post","link":"https:\/\/ceca.mini.icom.museum\/es\/historia-de-la-mediacion-museal-francia\/","title":{"rendered":"&#8220;Historia de la mediaci\u00f3n museal &#8211; Francia&#8221;"},"content":{"rendered":"<h5><strong>Publicaci\u00f3n:<\/strong><br \/>\n<strong>2025 &#8211; &#8220;Historia de la mediaci\u00f3n museal &#8211; Francia&#8221;<\/strong><br \/>\n<strong>&lt;<a href=\"https:\/\/ceca.mini.icom.museum\/wp-content\/uploads\/sites\/5\/2025\/10\/HMMF_es_parpage.pdf\" target=\"_blank\" rel=\"noopener\">Versi\u00f3n de lectura<\/a>&gt; \/ &lt;<a href=\"https:\/\/ceca.mini.icom.museum\/wp-content\/uploads\/sites\/5\/2025\/10\/HMMF_SPA-vL1.pdf\" target=\"_blank\" rel=\"noopener\">Versi\u00f3n libro<\/a>&gt;<\/strong><\/h5>\n<p>Coordinaci\u00f3n cient\u00edfica: Nicole Gesch\u00e9-Koning y Marie-Clart\u00e9 O\u2019Neill<\/p>\n<p><strong>Autora: Sylvie Savare<\/strong><\/p>\n<p>Publicaci\u00f3n financiada por el CECA, SAREC e ICOM Francia<br \/>\nTexto original franc\u00e9s<br \/>\nTraducci\u00f3n: DeepLPro revisado por Margarita Laraign\u00e9e (Prefacio hasta<br \/>\nincluso I), Alicia Martin (II), Denise Pozzi-Escot (III) y Silvana Lovay (IV)<\/p>\n<p>Portada, dise\u00f1o y maquetaci\u00f3n: Studio Olbinski &#8211; Lieja &#8211; www.olbinski.be<br \/>\ncon el apoyo de ICOM B\u00e9lgica\/Valonia-Bruselas<\/p>\n<p>\u00a9 2025 CECA \/ ICOM France<br \/>\nISBN : 978-2-492113-29-1<\/p>\n<p>&nbsp;<\/p>\n<p>&nbsp;<\/p>\n<p>&nbsp;<\/p>\n<p>&nbsp;<\/p>\n<p>&nbsp;<\/p>\n","protected":false},"excerpt":{"rendered":"<p>Publicaci\u00f3n: 2025 &#8211; &#8220;Historia de la mediaci\u00f3n museal &#8211; Francia&#8221; &lt;Versi\u00f3n de lectura&gt; \/ &lt;Versi\u00f3n libro&gt; Coordinaci\u00f3n cient\u00edfica: Nicole Gesch\u00e9-Koning y Marie-Clart\u00e9 O\u2019Neill Autora: Sylvie Savare Publicaci\u00f3n financiada por el CECA, SAREC e ICOM Francia Texto original franc\u00e9s Traducci\u00f3n: DeepLPro revisado por Margarita Laraign\u00e9e (Prefacio hasta incluso I), Alicia Martin (II), Denise Pozzi-Escot (III) y [&hellip;]<\/p>\n","protected":false},"author":31,"featured_media":13729,"comment_status":"open","ping_status":"open","sticky":false,"template":"","format":"standard","meta":{"footnotes":""},"categories":[18],"tags":[],"yst_prominent_words":[42,277,289,3628,36,986],"acf":[],"_links":{"self":[{"href":"https:\/\/ceca.mini.icom.museum\/es\/wp-json\/wp\/v2\/posts\/13737"}],"collection":[{"href":"https:\/\/ceca.mini.icom.museum\/es\/wp-json\/wp\/v2\/posts"}],"about":[{"href":"https:\/\/ceca.mini.icom.museum\/es\/wp-json\/wp\/v2\/types\/post"}],"author":[{"embeddable":true,"href":"https:\/\/ceca.mini.icom.museum\/es\/wp-json\/wp\/v2\/users\/31"}],"replies":[{"embeddable":true,"href":"https:\/\/ceca.mini.icom.museum\/es\/wp-json\/wp\/v2\/comments?post=13737"}],"version-history":[{"count":1,"href":"https:\/\/ceca.mini.icom.museum\/es\/wp-json\/wp\/v2\/posts\/13737\/revisions"}],"predecessor-version":[{"id":13744,"href":"https:\/\/ceca.mini.icom.museum\/es\/wp-json\/wp\/v2\/posts\/13737\/revisions\/13744"}],"wp:featuredmedia":[{"embeddable":true,"href":"https:\/\/ceca.mini.icom.museum\/es\/wp-json\/wp\/v2\/media\/13729"}],"wp:attachment":[{"href":"https:\/\/ceca.mini.icom.museum\/es\/wp-json\/wp\/v2\/media?parent=13737"}],"wp:term":[{"taxonomy":"category","embeddable":true,"href":"https:\/\/ceca.mini.icom.museum\/es\/wp-json\/wp\/v2\/categories?post=13737"},{"taxonomy":"post_tag","embeddable":true,"href":"https:\/\/ceca.mini.icom.museum\/es\/wp-json\/wp\/v2\/tags?post=13737"},{"taxonomy":"yst_prominent_words","embeddable":true,"href":"https:\/\/ceca.mini.icom.museum\/es\/wp-json\/wp\/v2\/yst_prominent_words?post=13737"}],"curies":[{"name":"wp","href":"https:\/\/api.w.org\/{rel}","templated":true}]}}