{"id":14419,"date":"2026-02-07T08:11:36","date_gmt":"2026-02-07T08:11:36","guid":{"rendered":"https:\/\/ceca.mini.icom.museum\/join-sig-universal-accessibility-the-inclusive-museum-brainstorming-sessions-23-02-and-18-05-2026\/"},"modified":"2026-02-07T08:25:01","modified_gmt":"2026-02-07T08:25:01","slug":"join-sig-universal-accessibility-the-inclusive-museum-brainstorming-sessions-23-02-and-18-05-2026","status":"publish","type":"post","link":"https:\/\/ceca.mini.icom.museum\/es\/join-sig-universal-accessibility-the-inclusive-museum-brainstorming-sessions-23-02-and-18-05-2026\/","title":{"rendered":"\u00danase a SIG Accesibilidad universal: sesiones de intercambio de ideas sobre museos inclusivos, 23 de febrero y 18 de mayo de 2026."},"content":{"rendered":"<p>El Grupo de Inter\u00e9s Especial (SIG) Accesibilidad Universal \u2013 El Museo Inclusivo invita a los miembros de CECA a dos sesiones de intercambio de ideas dedicadas a la incorporaci\u00f3n del personal y la formaci\u00f3n continua en materia de accesibilidad. Se basar\u00e1n en <a href=\"https:\/\/ceca.mini.icom.museum\/wp-content\/uploads\/sites\/5\/2022\/07\/poster-interactif-Sp.pdf\">el p\u00f3ster<\/a> con recomendaciones que elaboraron anteriormente los miembros del SIG y que ahora est\u00e1 disponible en los tres idiomas del ICOM. Debatiremos c\u00f3mo se pueden instrumentalizar estas recomendaciones para la incorporaci\u00f3n de nuevos miembros del personal y con fines de desarrollo profesional continuo.<\/p>\n<p>Durante la primera sesi\u00f3n, el 23 de febrero de 2026, nos centraremos en las metas y los objetivos: \u00bfqu\u00e9 habilidades queremos desarrollar? \u00bfQu\u00e9 conocimientos hay que adquirir? \u00bfQu\u00e9 cambios de actitud esperamos?<\/p>\n<p>La segunda sesi\u00f3n, el 18 de mayo de 2026, tratar\u00e1 las posibilidades de evaluar el \u00e9xito de la incorporaci\u00f3n y la formaci\u00f3n. Debatiremos las formas de evaluar de manera fiable los esfuerzos de desarrollo profesional en materia de accesibilidad.<\/p>\n<p>Nos reuniremos en Microsoft Teams a las 14:00 horas (hora de Londres). \u00danase a la comunidad en <a href=\"https:\/\/teams.live.com\/l\/community\/FEAHQiH5YkQQg7EIgI\">Teams<\/a> para recibir todas las actualizaciones. Estas sesiones se celebrar\u00e1n en ingl\u00e9s y complementar\u00e1n las reuniones del grupo franc\u00f3fono, que sigue adaptando el p\u00f3ster para convertirlo en una herramienta accesible tanto en lo que se refiere al idioma como al contenido.<\/p>\n","protected":false},"excerpt":{"rendered":"<p>El Grupo de Inter\u00e9s Especial (SIG) Accesibilidad Universal \u2013 El Museo Inclusivo invita a los miembros de CECA a dos sesiones de intercambio de ideas dedicadas a la incorporaci\u00f3n del personal y la formaci\u00f3n continua en materia de accesibilidad. Se basar\u00e1n en el p\u00f3ster con recomendaciones que elaboraron anteriormente los miembros del SIG y que [&hellip;]<\/p>\n","protected":false},"author":139,"featured_media":14414,"comment_status":"open","ping_status":"open","sticky":false,"template":"","format":"standard","meta":{"footnotes":""},"categories":[18],"tags":[],"yst_prominent_words":[52,4330,1311,39,827,3378,4332,4333,3016,2544,4334],"acf":[],"_links":{"self":[{"href":"https:\/\/ceca.mini.icom.museum\/es\/wp-json\/wp\/v2\/posts\/14419"}],"collection":[{"href":"https:\/\/ceca.mini.icom.museum\/es\/wp-json\/wp\/v2\/posts"}],"about":[{"href":"https:\/\/ceca.mini.icom.museum\/es\/wp-json\/wp\/v2\/types\/post"}],"author":[{"embeddable":true,"href":"https:\/\/ceca.mini.icom.museum\/es\/wp-json\/wp\/v2\/users\/139"}],"replies":[{"embeddable":true,"href":"https:\/\/ceca.mini.icom.museum\/es\/wp-json\/wp\/v2\/comments?post=14419"}],"version-history":[{"count":3,"href":"https:\/\/ceca.mini.icom.museum\/es\/wp-json\/wp\/v2\/posts\/14419\/revisions"}],"predecessor-version":[{"id":14426,"href":"https:\/\/ceca.mini.icom.museum\/es\/wp-json\/wp\/v2\/posts\/14419\/revisions\/14426"}],"wp:featuredmedia":[{"embeddable":true,"href":"https:\/\/ceca.mini.icom.museum\/es\/wp-json\/wp\/v2\/media\/14414"}],"wp:attachment":[{"href":"https:\/\/ceca.mini.icom.museum\/es\/wp-json\/wp\/v2\/media?parent=14419"}],"wp:term":[{"taxonomy":"category","embeddable":true,"href":"https:\/\/ceca.mini.icom.museum\/es\/wp-json\/wp\/v2\/categories?post=14419"},{"taxonomy":"post_tag","embeddable":true,"href":"https:\/\/ceca.mini.icom.museum\/es\/wp-json\/wp\/v2\/tags?post=14419"},{"taxonomy":"yst_prominent_words","embeddable":true,"href":"https:\/\/ceca.mini.icom.museum\/es\/wp-json\/wp\/v2\/yst_prominent_words?post=14419"}],"curies":[{"name":"wp","href":"https:\/\/api.w.org\/{rel}","templated":true}]}}