{"id":14473,"date":"2026-02-14T19:21:09","date_gmt":"2026-02-14T19:21:09","guid":{"rendered":"https:\/\/ceca.mini.icom.museum\/?p=14473"},"modified":"2026-02-16T20:03:16","modified_gmt":"2026-02-16T20:03:16","slug":"grupo-de-interes-especial-educacion-museistica-y-descolonialidad-23-02-y-26-02-en-espanol-con-traduccion-en-la-plataforma-zoom","status":"publish","type":"post","link":"https:\/\/ceca.mini.icom.museum\/es\/grupo-de-interes-especial-educacion-museistica-y-descolonialidad-23-02-y-26-02-en-espanol-con-traduccion-en-la-plataforma-zoom\/","title":{"rendered":"Grupo de inter\u00e9s especial \u00abEducaci\u00f3n muse\u00edstica y descolonialidad\u00bb 23.02 y 26.02 en espa\u00f1ol con traducci\u00f3n en la plataforma Zoom"},"content":{"rendered":"<p><span style=\"font-family: times new roman, serif\"><strong><a href=\"https:\/\/ceca.mini.icom.museum\/es\/grupos-de-interes-especial\/que-son-los-grupos-de-interes-especial\/\">Grupo de Inter\u00e9s Especial<\/a>: Educaci\u00f3n en Museos y Decolonialidad<\/strong><br \/>\n<strong>Fechas:<\/strong> 23 y 26 de febrero de 2026, a las 4:00 PM (MEX) \/ 11:00 PM (CET)<\/span><\/p>\n<p><span style=\"font-family: times new roman, serif\">Daremos inicio a nuestras actividades del a\u00f1o 2026 con dos reuniones que abordar\u00e1n el mismo contenido y que se realizar\u00e1n en fechas diferentes, con el prop\u00f3sito de facilitar la participaci\u00f3n y favorecer que la mayor cantidad de integrantes pueda estar presente.<\/span><\/p>\n<p><span style=\"font-family: times new roman, serif\">En estos encuentros compartiremos los objetivos proyectados para el a\u00f1o, pondremos en com\u00fan la planificaci\u00f3n anual para su revisi\u00f3n colectiva y organizaremos los subgrupos de trabajo que dar\u00e1n continuidad a nuestras l\u00edneas de acci\u00f3n. La intenci\u00f3n es comenzar el a\u00f1o con un espacio de di\u00e1logo abierto, participativo y colaborativo, que nos permita fortalecer el rumbo del grupo y renovar nuestro compromiso con una pr\u00e1ctica educativa cr\u00edtica y situada.<\/span><\/p>\n<p><span style=\"font-family: times new roman, serif\">Todas las personas interesadas \u2014tanto quienes ya integran el grupo como quienes deseen conocer m\u00e1s sobre su enfoque y din\u00e1micas\u2014 est\u00e1n cordialmente invitadas a participar, informarse y sumarse a esta iniciativa.<\/span><\/p>\n<p><span style=\"font-family: times new roman, serif\">Ser\u00e1 un gusto encontrarnos para proyectar juntas y juntos el trabajo de este nuevo a\u00f1o. Para participar, ponte en contacto con nosotros por correo electr\u00f3nico en cecalac.icom[at]gmail.com.<\/span><\/p>\n<p><span style=\"font-family: times new roman, serif\"><span class=\"gmail_default\"><b>Idioma<\/b>: espa\u00f1ol con traducci\u00f3n en plataforma zoom.<\/span><\/span><\/p>\n","protected":false},"excerpt":{"rendered":"<p>Grupo de Inter\u00e9s Especial: Educaci\u00f3n en Museos y Decolonialidad Fechas: 23 y 26 de febrero de 2026, a las 4:00 PM (MEX) \/ 11:00 PM (CET) Daremos inicio a nuestras actividades del a\u00f1o 2026 con dos reuniones que abordar\u00e1n el mismo contenido y que se realizar\u00e1n en fechas diferentes, con el prop\u00f3sito de facilitar la [&hellip;]<\/p>\n","protected":false},"author":139,"featured_media":14464,"comment_status":"open","ping_status":"open","sticky":false,"template":"","format":"standard","meta":{"footnotes":""},"categories":[18],"tags":[],"yst_prominent_words":[982,591,1749,291,1746,1996,320,301,2582,983,2347,316,313,1805],"acf":[],"_links":{"self":[{"href":"https:\/\/ceca.mini.icom.museum\/es\/wp-json\/wp\/v2\/posts\/14473"}],"collection":[{"href":"https:\/\/ceca.mini.icom.museum\/es\/wp-json\/wp\/v2\/posts"}],"about":[{"href":"https:\/\/ceca.mini.icom.museum\/es\/wp-json\/wp\/v2\/types\/post"}],"author":[{"embeddable":true,"href":"https:\/\/ceca.mini.icom.museum\/es\/wp-json\/wp\/v2\/users\/139"}],"replies":[{"embeddable":true,"href":"https:\/\/ceca.mini.icom.museum\/es\/wp-json\/wp\/v2\/comments?post=14473"}],"version-history":[{"count":4,"href":"https:\/\/ceca.mini.icom.museum\/es\/wp-json\/wp\/v2\/posts\/14473\/revisions"}],"predecessor-version":[{"id":14500,"href":"https:\/\/ceca.mini.icom.museum\/es\/wp-json\/wp\/v2\/posts\/14473\/revisions\/14500"}],"wp:featuredmedia":[{"embeddable":true,"href":"https:\/\/ceca.mini.icom.museum\/es\/wp-json\/wp\/v2\/media\/14464"}],"wp:attachment":[{"href":"https:\/\/ceca.mini.icom.museum\/es\/wp-json\/wp\/v2\/media?parent=14473"}],"wp:term":[{"taxonomy":"category","embeddable":true,"href":"https:\/\/ceca.mini.icom.museum\/es\/wp-json\/wp\/v2\/categories?post=14473"},{"taxonomy":"post_tag","embeddable":true,"href":"https:\/\/ceca.mini.icom.museum\/es\/wp-json\/wp\/v2\/tags?post=14473"},{"taxonomy":"yst_prominent_words","embeddable":true,"href":"https:\/\/ceca.mini.icom.museum\/es\/wp-json\/wp\/v2\/yst_prominent_words?post=14473"}],"curies":[{"name":"wp","href":"https:\/\/api.w.org\/{rel}","templated":true}]}}