{"id":14647,"date":"2026-04-08T18:51:11","date_gmt":"2026-04-08T18:51:11","guid":{"rendered":"https:\/\/ceca.mini.icom.museum\/special-interest-group-surveying-audience-of-educational-and-cultural-programmes-online-meeting-10-04\/"},"modified":"2026-04-10T10:42:30","modified_gmt":"2026-04-10T10:42:30","slug":"special-interest-group-surveying-audience-of-educational-and-cultural-programmes-online-meeting-10-04","status":"publish","type":"post","link":"https:\/\/ceca.mini.icom.museum\/es\/special-interest-group-surveying-audience-of-educational-and-cultural-programmes-online-meeting-10-04\/","title":{"rendered":"GIE Recherches autour des publics des programmes \u00e9ducatifs et culturels r\u00e9unions en ligne en abril y mayo"},"content":{"rendered":"<p>Le groupe d&#8217;int\u00e9r\u00eat sp\u00e9cial \u00ab \u00c9tude de l&#8217;audience des programmes \u00e9ducatifs et culturels \u00bb vous invite \u00e0 participer \u00e0 ses prochaines r\u00e9unions. La langue principale des r\u00e9unions est le fran\u00e7ais ; les participants peuvent utiliser les sous-titres de Zoom pour b\u00e9n\u00e9ficier d&#8217;une traduction.<\/p>\n<p><strong>Coordination et inscription :<\/strong> Marie-Pierre Delaporte (marie-pierre.delaporte[at]mahj.org), Katy Tari (ktari[at]pacmusee.qc.ca)<br \/>\n<strong>Th\u00e8me :<\/strong> \u00c9changes entre professionnels des mus\u00e9es et chercheurs en sciences sociales autour des enqu\u00eates aupr\u00e8s du public, des m\u00e9thodologies et des relations entre visiteurs et mus\u00e9es.<\/p>\n<p>&nbsp;<\/p>\n<p><strong>Vendredi 10 avril \u00e0 16h30 en France \/ 10h30 \u00e0 Montr\u00e9al<\/strong><\/p>\n<p>Aude Porcedda, professeure en gestion et organisation culturelle, universit\u00e9 du Qu\u00e9bec \u00e0 Trois-Rivi\u00e8res (UQTR) pr\u00e9sentera \u00ab \u00c9tats des lieux sur la transition socio-\u00e9cologique et l\u2019accessibilit\u00e9 universelle (TSA) \u00bb<\/p>\n<p>&nbsp;<\/p>\n<p><strong>Viernes 22 de mayo a las 16:30 en Francia \/ 10:30 en Montreal:<\/strong><\/p>\n<p>Anne Jonchery, jefa de la Oficina de Socializaci\u00f3n y Participaci\u00f3n Culturales del Departamento de Estudios, Prospectiva, Estad\u00edsticas y Documentaci\u00f3n (DEPS) del Ministerio de Cultura de Francia, presentar\u00e1: \u00abCuestiones sociol\u00f3gicas y de renovaci\u00f3n de la encuesta sobre pr\u00e1cticas culturales en Francia\u00bb.<\/p>\n","protected":false},"excerpt":{"rendered":"<p>Le groupe d&#8217;int\u00e9r\u00eat sp\u00e9cial \u00ab \u00c9tude de l&#8217;audience des programmes \u00e9ducatifs et culturels \u00bb vous invite \u00e0 participer \u00e0 ses prochaines r\u00e9unions. La langue principale des r\u00e9unions est le fran\u00e7ais ; les participants peuvent utiliser les sous-titres de Zoom pour b\u00e9n\u00e9ficier d&#8217;une traduction. Coordination et inscription : Marie-Pierre Delaporte (marie-pierre.delaporte[at]mahj.org), Katy Tari (ktari[at]pacmusee.qc.ca) Th\u00e8me : [&hellip;]<\/p>\n","protected":false},"author":139,"featured_media":14653,"comment_status":"open","ping_status":"open","sticky":false,"template":"","format":"standard","meta":{"footnotes":""},"categories":[18],"tags":[],"yst_prominent_words":[2942,277,91,591,614,389,286,308,3628,291,395,711,2358],"acf":[],"_links":{"self":[{"href":"https:\/\/ceca.mini.icom.museum\/es\/wp-json\/wp\/v2\/posts\/14647"}],"collection":[{"href":"https:\/\/ceca.mini.icom.museum\/es\/wp-json\/wp\/v2\/posts"}],"about":[{"href":"https:\/\/ceca.mini.icom.museum\/es\/wp-json\/wp\/v2\/types\/post"}],"author":[{"embeddable":true,"href":"https:\/\/ceca.mini.icom.museum\/es\/wp-json\/wp\/v2\/users\/139"}],"replies":[{"embeddable":true,"href":"https:\/\/ceca.mini.icom.museum\/es\/wp-json\/wp\/v2\/comments?post=14647"}],"version-history":[{"count":7,"href":"https:\/\/ceca.mini.icom.museum\/es\/wp-json\/wp\/v2\/posts\/14647\/revisions"}],"predecessor-version":[{"id":14723,"href":"https:\/\/ceca.mini.icom.museum\/es\/wp-json\/wp\/v2\/posts\/14647\/revisions\/14723"}],"wp:featuredmedia":[{"embeddable":true,"href":"https:\/\/ceca.mini.icom.museum\/es\/wp-json\/wp\/v2\/media\/14653"}],"wp:attachment":[{"href":"https:\/\/ceca.mini.icom.museum\/es\/wp-json\/wp\/v2\/media?parent=14647"}],"wp:term":[{"taxonomy":"category","embeddable":true,"href":"https:\/\/ceca.mini.icom.museum\/es\/wp-json\/wp\/v2\/categories?post=14647"},{"taxonomy":"post_tag","embeddable":true,"href":"https:\/\/ceca.mini.icom.museum\/es\/wp-json\/wp\/v2\/tags?post=14647"},{"taxonomy":"yst_prominent_words","embeddable":true,"href":"https:\/\/ceca.mini.icom.museum\/es\/wp-json\/wp\/v2\/yst_prominent_words?post=14647"}],"curies":[{"name":"wp","href":"https:\/\/api.w.org\/{rel}","templated":true}]}}