{"id":2797,"date":"2019-12-12T01:25:21","date_gmt":"2019-12-12T01:25:21","guid":{"rendered":"http:\/\/ceca.mini.icom.museum\/?p=2797"},"modified":"2020-05-15T19:07:57","modified_gmt":"2020-05-15T19:07:57","slug":"premio-buenas-practicas","status":"publish","type":"post","link":"https:\/\/ceca.mini.icom.museum\/es\/premio-buenas-practicas\/","title":{"rendered":"Premio Buenas Practicas"},"content":{"rendered":"<p>Deseamos invitarlos a participar de la <strong>9\u00aa Edici\u00f3n del Premio a las Buenas Practicas<\/strong> de un programa muse\u00edstico en educaci\u00f3n y acci\u00f3n cultural.<\/p>\n<p>Como en otras oportunidades anteriores <strong>esperamos contar<\/strong> con numerosas candidaturas al Premio, y conf\u00eda en el <strong>TUYO !<\/strong><\/p>\n<p>Ante cualquier preguntano dude a:<br \/>\n<strong>Margarita Laraign\u00e9e:<\/strong> margaritalaraignee[at]gmail.com<\/p>\n<p><span style=\"color: #ff0000;\"><strong>Leer m\u00e1s <\/strong><strong>\u25bc <\/strong> <\/span><\/p>\n<blockquote class=\"wp-embedded-content\" data-secret=\"ToQ1dSOuaZ\"><p><a href=\"https:\/\/ceca.mini.icom.museum\/es\/premio-bp\/premios\/\">Premio a las Buenas Pr\u00e1cticas<\/a><\/p><\/blockquote>\n<p><iframe class=\"wp-embedded-content\" sandbox=\"allow-scripts\" security=\"restricted\" style=\"position: absolute; clip: rect(1px, 1px, 1px, 1px);\" src=\"https:\/\/ceca.mini.icom.museum\/es\/premio-bp\/premios\/embed\/#?secret=ToQ1dSOuaZ\" data-secret=\"ToQ1dSOuaZ\" width=\"500\" height=\"282\" title=\"&#8220;Premio a las Buenas Pr\u00e1cticas&#8221; &#8212; ICOM CECA\" frameborder=\"0\" marginwidth=\"0\" marginheight=\"0\" scrolling=\"no\"><\/iframe><\/p>\n","protected":false},"excerpt":{"rendered":"<p>Deseamos invitarlos a participar de la 9\u00aa Edici\u00f3n del Premio a las Buenas Practicas de un programa muse\u00edstico en educaci\u00f3n y acci\u00f3n cultural. Como en otras oportunidades anteriores esperamos contar con numerosas candidaturas al Premio, y conf\u00eda en el TUYO ! Ante cualquier preguntano dude a: Margarita Laraign\u00e9e: margaritalaraignee[at]gmail.com Leer m\u00e1s \u25bc Premio a las [&hellip;]<\/p>\n","protected":false},"author":31,"featured_media":3247,"comment_status":"open","ping_status":"open","sticky":false,"template":"","format":"standard","meta":{"footnotes":""},"categories":[18],"tags":[],"yst_prominent_words":[1742,1744,317],"acf":[],"_links":{"self":[{"href":"https:\/\/ceca.mini.icom.museum\/es\/wp-json\/wp\/v2\/posts\/2797"}],"collection":[{"href":"https:\/\/ceca.mini.icom.museum\/es\/wp-json\/wp\/v2\/posts"}],"about":[{"href":"https:\/\/ceca.mini.icom.museum\/es\/wp-json\/wp\/v2\/types\/post"}],"author":[{"embeddable":true,"href":"https:\/\/ceca.mini.icom.museum\/es\/wp-json\/wp\/v2\/users\/31"}],"replies":[{"embeddable":true,"href":"https:\/\/ceca.mini.icom.museum\/es\/wp-json\/wp\/v2\/comments?post=2797"}],"version-history":[{"count":6,"href":"https:\/\/ceca.mini.icom.museum\/es\/wp-json\/wp\/v2\/posts\/2797\/revisions"}],"predecessor-version":[{"id":4802,"href":"https:\/\/ceca.mini.icom.museum\/es\/wp-json\/wp\/v2\/posts\/2797\/revisions\/4802"}],"wp:featuredmedia":[{"embeddable":true,"href":"https:\/\/ceca.mini.icom.museum\/es\/wp-json\/wp\/v2\/media\/3247"}],"wp:attachment":[{"href":"https:\/\/ceca.mini.icom.museum\/es\/wp-json\/wp\/v2\/media?parent=2797"}],"wp:term":[{"taxonomy":"category","embeddable":true,"href":"https:\/\/ceca.mini.icom.museum\/es\/wp-json\/wp\/v2\/categories?post=2797"},{"taxonomy":"post_tag","embeddable":true,"href":"https:\/\/ceca.mini.icom.museum\/es\/wp-json\/wp\/v2\/tags?post=2797"},{"taxonomy":"yst_prominent_words","embeddable":true,"href":"https:\/\/ceca.mini.icom.museum\/es\/wp-json\/wp\/v2\/yst_prominent_words?post=2797"}],"curies":[{"name":"wp","href":"https:\/\/api.w.org\/{rel}","templated":true}]}}