{"id":3888,"date":"2020-01-28T17:30:00","date_gmt":"2020-01-28T17:30:00","guid":{"rendered":"http:\/\/ceca.mini.icom.museum\/?p=3888"},"modified":"2020-03-15T19:51:36","modified_gmt":"2020-03-15T19:51:36","slug":"universidad-de-foggia-italia-30-de-marzo-a-1-de-abril-de-2020","status":"publish","type":"post","link":"https:\/\/ceca.mini.icom.museum\/es\/universidad-de-foggia-italia-30-de-marzo-a-1-de-abril-de-2020\/","title":{"rendered":"Universidad de Foggia, Italia 30 de marzo a 1 de abril de 2020"},"content":{"rendered":"<p><strong>La Bienal de Educaci\u00f3n sobre el Patrimonio 2020 (BEP20)<\/strong> -\u00fanica en su g\u00e9nero en Italia- inaugura una serie de conferencias internacionales en las que la comunidad cient\u00edfica mundial que se ocupa de la educaci\u00f3n sobre el patrimonio propone temas de reflexi\u00f3n y futuros campos de investigaci\u00f3n.<\/p>\n<p>La conferencia pondr\u00e1 de relieve tanto la investigaci\u00f3n y la experiencia significativas como los desarrollos y aplicaciones tecnol\u00f3gicas que apoyan la educaci\u00f3n sobre el patrimonio.<\/p>\n<p><strong>La Presidenta de la CECA, Marie-Clart\u00e9 O&#8217;Neill<\/strong>, hablar\u00e1 sobre &#8220;Inclusi\u00f3n y buenas pr\u00e1cticas: la herramienta de buenas pr\u00e1cticas de la CECA&#8221;.<br \/>\n&lt;<a href=\"http:\/\/www.gobep.it\" target=\"_blank\" rel=\"noopener\">www.gobep.it<\/a>&gt;<\/p>\n<p><img decoding=\"async\" loading=\"lazy\" class=\"alignnone size-medium wp-image-3885\" src=\"http:\/\/ceca.mini.icom.museum\/wp-content\/uploads\/sites\/5\/2020\/01\/logo-bep-300x99.jpg\" alt=\"\" width=\"300\" height=\"99\" srcset=\"https:\/\/ceca.mini.icom.museum\/wp-content\/uploads\/sites\/5\/2020\/01\/logo-bep-300x99.jpg 300w, https:\/\/ceca.mini.icom.museum\/wp-content\/uploads\/sites\/5\/2020\/01\/logo-bep.jpg 301w\" sizes=\"(max-width: 300px) 100vw, 300px\" \/><\/p>\n<blockquote class=\"wp-embedded-content\" data-secret=\"NJFkqEqHUw\"><p><a href=\"https:\/\/ceca.mini.icom.museum\/es\/conferencias\/conferencias-regionales\/\">Conferencias regionales<\/a><\/p><\/blockquote>\n<p><iframe class=\"wp-embedded-content\" sandbox=\"allow-scripts\" security=\"restricted\" style=\"position: absolute; clip: rect(1px, 1px, 1px, 1px);\" src=\"https:\/\/ceca.mini.icom.museum\/es\/conferencias\/conferencias-regionales\/embed\/#?secret=NJFkqEqHUw\" data-secret=\"NJFkqEqHUw\" width=\"500\" height=\"282\" title=\"&#8220;Conferencias regionales&#8221; &#8212; ICOM CECA\" frameborder=\"0\" marginwidth=\"0\" marginheight=\"0\" scrolling=\"no\"><\/iframe><\/p>\n","protected":false},"excerpt":{"rendered":"<p>La Bienal de Educaci\u00f3n sobre el Patrimonio 2020 (BEP20) -\u00fanica en su g\u00e9nero en Italia- inaugura una serie de conferencias internacionales en las que la comunidad cient\u00edfica mundial que se ocupa de la educaci\u00f3n sobre el patrimonio propone temas de reflexi\u00f3n y futuros campos de investigaci\u00f3n. La conferencia pondr\u00e1 de relieve tanto la investigaci\u00f3n y [&hellip;]<\/p>\n","protected":false},"author":31,"featured_media":4362,"comment_status":"open","ping_status":"open","sticky":false,"template":"","format":"standard","meta":{"footnotes":""},"categories":[18],"tags":[],"yst_prominent_words":[2702,1742,1756,785,287,2700,2697,2694,289,2039,1746,1701,2022,2699,2696,2695,2703,1346,2701,2698],"acf":[],"_links":{"self":[{"href":"https:\/\/ceca.mini.icom.museum\/es\/wp-json\/wp\/v2\/posts\/3888"}],"collection":[{"href":"https:\/\/ceca.mini.icom.museum\/es\/wp-json\/wp\/v2\/posts"}],"about":[{"href":"https:\/\/ceca.mini.icom.museum\/es\/wp-json\/wp\/v2\/types\/post"}],"author":[{"embeddable":true,"href":"https:\/\/ceca.mini.icom.museum\/es\/wp-json\/wp\/v2\/users\/31"}],"replies":[{"embeddable":true,"href":"https:\/\/ceca.mini.icom.museum\/es\/wp-json\/wp\/v2\/comments?post=3888"}],"version-history":[{"count":3,"href":"https:\/\/ceca.mini.icom.museum\/es\/wp-json\/wp\/v2\/posts\/3888\/revisions"}],"predecessor-version":[{"id":3920,"href":"https:\/\/ceca.mini.icom.museum\/es\/wp-json\/wp\/v2\/posts\/3888\/revisions\/3920"}],"wp:featuredmedia":[{"embeddable":true,"href":"https:\/\/ceca.mini.icom.museum\/es\/wp-json\/wp\/v2\/media\/4362"}],"wp:attachment":[{"href":"https:\/\/ceca.mini.icom.museum\/es\/wp-json\/wp\/v2\/media?parent=3888"}],"wp:term":[{"taxonomy":"category","embeddable":true,"href":"https:\/\/ceca.mini.icom.museum\/es\/wp-json\/wp\/v2\/categories?post=3888"},{"taxonomy":"post_tag","embeddable":true,"href":"https:\/\/ceca.mini.icom.museum\/es\/wp-json\/wp\/v2\/tags?post=3888"},{"taxonomy":"yst_prominent_words","embeddable":true,"href":"https:\/\/ceca.mini.icom.museum\/es\/wp-json\/wp\/v2\/yst_prominent_words?post=3888"}],"curies":[{"name":"wp","href":"https:\/\/api.w.org\/{rel}","templated":true}]}}