{"id":5075,"date":"2020-05-23T13:16:45","date_gmt":"2020-05-23T13:16:45","guid":{"rendered":"http:\/\/ceca.mini.icom.museum\/?p=5075"},"modified":"2020-05-23T21:10:50","modified_gmt":"2020-05-23T21:10:50","slug":"webinar-ceca-america-latina-y-el-caribe-25-de-mayo-1-y-8-de-julio-de-2020","status":"publish","type":"post","link":"https:\/\/ceca.mini.icom.museum\/es\/webinar-ceca-america-latina-y-el-caribe-25-de-mayo-1-y-8-de-julio-de-2020\/","title":{"rendered":"Webinar CECA Am\u00e9rica latina y el Caribe &#8211; 25 de mayo \/ 1\u00ba y 8 de junio de 2020"},"content":{"rendered":"<p><strong>Titulo:<\/strong><br \/>\n<strong>\u201c\u00c1reas Educativas In\/Ex CLUIDAS en sus museos, reflexiones desde Latinoam\u00e9rica\u201d<\/strong><\/p>\n<p><strong>Objectivo:<\/strong><br \/>\nEn el marco del d\u00eda internacional de los museos, nos proponemos abrir un espacio de<br \/>\ninclusi\u00f3n regional a nivel latinoamericano, donde educadoras y educadores de diversos<br \/>\npa\u00edses reflexionen sobre el actual contexto de pandemia y c\u00f3mo \u00e9ste ha impactado en<br \/>\nsu rol junto a las comunidades y sus espacios laborales.<\/p>\n<p><strong>Tematicas:\u00a0<\/strong>&lt;<strong><a href=\"http:\/\/ceca.mini.icom.museum\/wp-content\/uploads\/sites\/5\/2020\/05\/Jornadas-Webinar-CECALAC-2020_v2.pdf\" target=\"_blank\" rel=\"noopener\">leer mas<\/a><\/strong>&gt;<\/p>\n<p><img decoding=\"async\" loading=\"lazy\" class=\"alignnone wp-image-5084 size-full\" src=\"http:\/\/ceca.mini.icom.museum\/wp-content\/uploads\/sites\/5\/2020\/05\/webinar-cecalac_650.jpg\" alt=\"\" width=\"650\" height=\"246\" srcset=\"https:\/\/ceca.mini.icom.museum\/wp-content\/uploads\/sites\/5\/2020\/05\/webinar-cecalac_650.jpg 650w, https:\/\/ceca.mini.icom.museum\/wp-content\/uploads\/sites\/5\/2020\/05\/webinar-cecalac_650-300x114.jpg 300w\" sizes=\"(max-width: 650px) 100vw, 650px\" \/><\/p>\n<p>&nbsp;<\/p>\n","protected":false},"excerpt":{"rendered":"<p>Titulo: \u201c\u00c1reas Educativas In\/Ex CLUIDAS en sus museos, reflexiones desde Latinoam\u00e9rica\u201d Objectivo: En el marco del d\u00eda internacional de los museos, nos proponemos abrir un espacio de inclusi\u00f3n regional a nivel latinoamericano, donde educadoras y educadores de diversos pa\u00edses reflexionen sobre el actual contexto de pandemia y c\u00f3mo \u00e9ste ha impactado en su rol junto [&hellip;]<\/p>\n","protected":false},"author":31,"featured_media":5079,"comment_status":"open","ping_status":"open","sticky":false,"template":"","format":"standard","meta":{"footnotes":""},"categories":[18],"tags":[],"yst_prominent_words":[1742,289,1744,288,2078],"acf":[],"_links":{"self":[{"href":"https:\/\/ceca.mini.icom.museum\/es\/wp-json\/wp\/v2\/posts\/5075"}],"collection":[{"href":"https:\/\/ceca.mini.icom.museum\/es\/wp-json\/wp\/v2\/posts"}],"about":[{"href":"https:\/\/ceca.mini.icom.museum\/es\/wp-json\/wp\/v2\/types\/post"}],"author":[{"embeddable":true,"href":"https:\/\/ceca.mini.icom.museum\/es\/wp-json\/wp\/v2\/users\/31"}],"replies":[{"embeddable":true,"href":"https:\/\/ceca.mini.icom.museum\/es\/wp-json\/wp\/v2\/comments?post=5075"}],"version-history":[{"count":10,"href":"https:\/\/ceca.mini.icom.museum\/es\/wp-json\/wp\/v2\/posts\/5075\/revisions"}],"predecessor-version":[{"id":5083,"href":"https:\/\/ceca.mini.icom.museum\/es\/wp-json\/wp\/v2\/posts\/5075\/revisions\/5083"}],"wp:featuredmedia":[{"embeddable":true,"href":"https:\/\/ceca.mini.icom.museum\/es\/wp-json\/wp\/v2\/media\/5079"}],"wp:attachment":[{"href":"https:\/\/ceca.mini.icom.museum\/es\/wp-json\/wp\/v2\/media?parent=5075"}],"wp:term":[{"taxonomy":"category","embeddable":true,"href":"https:\/\/ceca.mini.icom.museum\/es\/wp-json\/wp\/v2\/categories?post=5075"},{"taxonomy":"post_tag","embeddable":true,"href":"https:\/\/ceca.mini.icom.museum\/es\/wp-json\/wp\/v2\/tags?post=5075"},{"taxonomy":"yst_prominent_words","embeddable":true,"href":"https:\/\/ceca.mini.icom.museum\/es\/wp-json\/wp\/v2\/yst_prominent_words?post=5075"}],"curies":[{"name":"wp","href":"https:\/\/api.w.org\/{rel}","templated":true}]}}