{"id":5530,"date":"2020-08-25T16:17:18","date_gmt":"2020-08-25T16:17:18","guid":{"rendered":"http:\/\/ceca.mini.icom.museum\/?p=5530"},"modified":"2020-08-26T13:11:52","modified_gmt":"2020-08-26T13:11:52","slug":"grupo-de-interes-especial-educacion-en-museos-y-decolonialidad","status":"publish","type":"post","link":"https:\/\/ceca.mini.icom.museum\/es\/grupo-de-interes-especial-educacion-en-museos-y-decolonialidad\/","title":{"rendered":"Grupo de inter\u00e9s especial &#8211; Educaci\u00f3n en museos y decolonialidad"},"content":{"rendered":"<p><strong>Educaci\u00f3n en museos y decolonialidad &#8211; CECA LAC<\/strong><br \/>\nCoordinadores: Silvana Lovay &lt;sillovay[at]gmail.com&gt; y Fernanda Venegas &lt;fernandavenegas.a[at]gmail.com&gt;.<\/p>\n<p>Estudiar iniciativas educativas que abordan de manera cr\u00edtica la colonialidad en los museos.<\/p>\n<p>El concepto colonialidad, acu\u00f1ado por An\u00edbal Quijano, hace referencia a los imaginarios coloniales que perduran hasta el d\u00eda de hoy en torno al poder, el conocimiento, el g\u00e9nero y la raza (Quijano 1992).<br \/>\nEn este sentido, los museos tradicionalmente han actuado como dispositivos educativos civilizadores, promoviendo cierto tipo de conocimientos y saberes. Sin embargo, muchos museos en pa\u00edses que fueron&#8230;<br \/>\n<a href=\"http:\/\/ceca.mini.icom.museum\/wp-content\/uploads\/sites\/5\/2020\/08\/SP-SIG-museos-y-decolonialidad-2.pdf\" target=\"_blank\" rel=\"noopener\"><strong>Lea m\u00e1s<\/strong><\/a>.<\/p>\n<p><strong>Cr\u00e9ditos fotogr\u00e1ficos:<\/strong><\/p>\n<ul>\n<li>Joven negro sosteniendo una canasta de frutas y una chica acariciando a un perro. Antoine Coypel. Museo del Louvre, Francia.<\/li>\n<li>Imagen tomada del Libro &#8220;La cr\u00edtica de la colonialidad en ocho ensayos&#8221; de Rita Segato. Representando Don Pedro II, emperador del Brasil, con un a\u00f1o y medio de edad en el regazo de su ama. Retrato al \u00f3leo de Jean-Baptiste Debret. Museo del Palacio Imperial de Petr\u00f3polis, Brasil.<\/li>\n<li>Olympia &#8211; Y detalle &#8211; \u00c9douard Manet. Museo del Louvre, Francia.<\/li>\n<\/ul>\n<p>&nbsp;<\/p>\n","protected":false},"excerpt":{"rendered":"<p>Educaci\u00f3n en museos y decolonialidad &#8211; CECA LAC Coordinadores: Silvana Lovay &lt;sillovay[at]gmail.com&gt; y Fernanda Venegas &lt;fernandavenegas.a[at]gmail.com&gt;. Estudiar iniciativas educativas que abordan de manera cr\u00edtica la colonialidad en los museos. El concepto colonialidad, acu\u00f1ado por An\u00edbal Quijano, hace referencia a los imaginarios coloniales que perduran hasta el d\u00eda de hoy en torno al poder, el conocimiento, [&hellip;]<\/p>\n","protected":false},"author":31,"featured_media":5519,"comment_status":"open","ping_status":"open","sticky":false,"template":"","format":"standard","meta":{"footnotes":""},"categories":[18],"tags":[],"yst_prominent_words":[3607,3610,1742,591,3632,3631,289,1744,1746,3609,3608,320,2609,3627,1878,1876,3630,3629,288,2582],"acf":[],"_links":{"self":[{"href":"https:\/\/ceca.mini.icom.museum\/es\/wp-json\/wp\/v2\/posts\/5530"}],"collection":[{"href":"https:\/\/ceca.mini.icom.museum\/es\/wp-json\/wp\/v2\/posts"}],"about":[{"href":"https:\/\/ceca.mini.icom.museum\/es\/wp-json\/wp\/v2\/types\/post"}],"author":[{"embeddable":true,"href":"https:\/\/ceca.mini.icom.museum\/es\/wp-json\/wp\/v2\/users\/31"}],"replies":[{"embeddable":true,"href":"https:\/\/ceca.mini.icom.museum\/es\/wp-json\/wp\/v2\/comments?post=5530"}],"version-history":[{"count":9,"href":"https:\/\/ceca.mini.icom.museum\/es\/wp-json\/wp\/v2\/posts\/5530\/revisions"}],"predecessor-version":[{"id":5564,"href":"https:\/\/ceca.mini.icom.museum\/es\/wp-json\/wp\/v2\/posts\/5530\/revisions\/5564"}],"wp:featuredmedia":[{"embeddable":true,"href":"https:\/\/ceca.mini.icom.museum\/es\/wp-json\/wp\/v2\/media\/5519"}],"wp:attachment":[{"href":"https:\/\/ceca.mini.icom.museum\/es\/wp-json\/wp\/v2\/media?parent=5530"}],"wp:term":[{"taxonomy":"category","embeddable":true,"href":"https:\/\/ceca.mini.icom.museum\/es\/wp-json\/wp\/v2\/categories?post=5530"},{"taxonomy":"post_tag","embeddable":true,"href":"https:\/\/ceca.mini.icom.museum\/es\/wp-json\/wp\/v2\/tags?post=5530"},{"taxonomy":"yst_prominent_words","embeddable":true,"href":"https:\/\/ceca.mini.icom.museum\/es\/wp-json\/wp\/v2\/yst_prominent_words?post=5530"}],"curies":[{"name":"wp","href":"https:\/\/api.w.org\/{rel}","templated":true}]}}