{"id":6339,"date":"2021-01-25T19:25:45","date_gmt":"2021-01-25T19:25:45","guid":{"rendered":"http:\/\/ceca.mini.icom.museum\/?p=6339"},"modified":"2021-01-29T22:14:57","modified_gmt":"2021-01-29T22:14:57","slug":"conferencia-general-lovaina-2021","status":"publish","type":"post","link":"https:\/\/ceca.mini.icom.museum\/es\/conferencia-general-lovaina-2021\/","title":{"rendered":"Conferencia general, Lovaina 2021"},"content":{"rendered":"<p>El Comit\u00e9 Internacional para la Educaci\u00f3n y la Acci\u00f3n Cultural (ICOM-CECA) organiza su pr\u00f3xima <strong>conferencia anual en Lovaina, del 25 al 29 de octubre de 2021<\/strong>.<\/p>\n<p>En esta edici\u00f3n, el tema de gran actualidad es la &#8220;co-creaci\u00f3n dentro y fuera del museo&#8221;. Una iniciativa de M Leuven, ICOM B\u00e9lgica, KU Leuven, FARO y Bamm!<\/p>\n<p><strong>Toda la informaci\u00f3n est\u00e1 disponible &lt;<a href=\"https:\/\/www.mleuven.be\/en\/icom-ceca-2021\" target=\"_blank\" rel=\"noopener\">aqui<\/a>&gt;<\/strong><\/p>\n<p><img decoding=\"async\" loading=\"lazy\" class=\"alignnone wp-image-6325\" src=\"http:\/\/ceca.mini.icom.museum\/wp-content\/uploads\/sites\/5\/2021\/01\/collage-louvain-700pxR-gris-05.jpg\" alt=\"\" width=\"600\" height=\"113\" srcset=\"https:\/\/ceca.mini.icom.museum\/wp-content\/uploads\/sites\/5\/2021\/01\/collage-louvain-700pxR-gris-05.jpg 700w, https:\/\/ceca.mini.icom.museum\/wp-content\/uploads\/sites\/5\/2021\/01\/collage-louvain-700pxR-gris-05-300x57.jpg 300w\" sizes=\"(max-width: 600px) 100vw, 600px\" \/><\/p>\n<p>&nbsp;<\/p>\n<p>&nbsp;<\/p>\n","protected":false},"excerpt":{"rendered":"<p>El Comit\u00e9 Internacional para la Educaci\u00f3n y la Acci\u00f3n Cultural (ICOM-CECA) organiza su pr\u00f3xima conferencia anual en Lovaina, del 25 al 29 de octubre de 2021. En esta edici\u00f3n, el tema de gran actualidad es la &#8220;co-creaci\u00f3n dentro y fuera del museo&#8221;. Una iniciativa de M Leuven, ICOM B\u00e9lgica, KU Leuven, FARO y Bamm! Toda [&hellip;]<\/p>\n","protected":false},"author":31,"featured_media":6337,"comment_status":"open","ping_status":"open","sticky":false,"template":"","format":"standard","meta":{"footnotes":""},"categories":[18],"tags":[],"yst_prominent_words":[1742,591,289,1744,1746,2527],"acf":[],"_links":{"self":[{"href":"https:\/\/ceca.mini.icom.museum\/es\/wp-json\/wp\/v2\/posts\/6339"}],"collection":[{"href":"https:\/\/ceca.mini.icom.museum\/es\/wp-json\/wp\/v2\/posts"}],"about":[{"href":"https:\/\/ceca.mini.icom.museum\/es\/wp-json\/wp\/v2\/types\/post"}],"author":[{"embeddable":true,"href":"https:\/\/ceca.mini.icom.museum\/es\/wp-json\/wp\/v2\/users\/31"}],"replies":[{"embeddable":true,"href":"https:\/\/ceca.mini.icom.museum\/es\/wp-json\/wp\/v2\/comments?post=6339"}],"version-history":[{"count":2,"href":"https:\/\/ceca.mini.icom.museum\/es\/wp-json\/wp\/v2\/posts\/6339\/revisions"}],"predecessor-version":[{"id":6391,"href":"https:\/\/ceca.mini.icom.museum\/es\/wp-json\/wp\/v2\/posts\/6339\/revisions\/6391"}],"wp:featuredmedia":[{"embeddable":true,"href":"https:\/\/ceca.mini.icom.museum\/es\/wp-json\/wp\/v2\/media\/6337"}],"wp:attachment":[{"href":"https:\/\/ceca.mini.icom.museum\/es\/wp-json\/wp\/v2\/media?parent=6339"}],"wp:term":[{"taxonomy":"category","embeddable":true,"href":"https:\/\/ceca.mini.icom.museum\/es\/wp-json\/wp\/v2\/categories?post=6339"},{"taxonomy":"post_tag","embeddable":true,"href":"https:\/\/ceca.mini.icom.museum\/es\/wp-json\/wp\/v2\/tags?post=6339"},{"taxonomy":"yst_prominent_words","embeddable":true,"href":"https:\/\/ceca.mini.icom.museum\/es\/wp-json\/wp\/v2\/yst_prominent_words?post=6339"}],"curies":[{"name":"wp","href":"https:\/\/api.w.org\/{rel}","templated":true}]}}