{"id":6843,"date":"2021-06-20T20:58:41","date_gmt":"2021-06-20T20:58:41","guid":{"rendered":"http:\/\/ceca.mini.icom.museum\/?p=6843"},"modified":"2021-06-20T21:13:27","modified_gmt":"2021-06-20T21:13:27","slug":"proxima-conferencia-anual-en-lovaina-25-al-29-de-octubre-de-2021","status":"publish","type":"post","link":"https:\/\/ceca.mini.icom.museum\/es\/proxima-conferencia-anual-en-lovaina-25-al-29-de-octubre-de-2021\/","title":{"rendered":"Pr\u00f3xima conferencia anual en Lovaina &#8211; 25 al 29 de octubre de 2021."},"content":{"rendered":"<p><strong>Nuestra pr\u00f3xima conferencia anual en Lovaina tendr\u00e1 lugar del 25 al 29 de octubre de 2021 y versar\u00e1 sobre la &#8220;cocreaci\u00f3n dentro y fuera del museo&#8221;.<\/strong><\/p>\n<p>Este a\u00f1o no tendr\u00e1 que perderse la conferencia anual de la CECA. Los d\u00edas 25 y 26 de octubre, tendr\u00e1 acceso gratuito a un programa en l\u00ednea diverso e inspirador.<\/p>\n<p>Si tiene la posibilidad de viajar, ser\u00e1 bienvenido en B\u00e9lgica los d\u00edas 28 y 29 de octubre, donde el programa est\u00e1 m\u00e1s centrado en el encuentro y el intercambio de experiencias, y la visita a museos.<\/p>\n<p>La entrada para estos dos d\u00edas cuesta 150 euros.<\/p>\n<p><strong>M\u00e1s informaci\u00f3n &lt;<a href=\"https:\/\/ceca.mini.icom.museum\/es\/conferencias\/proxima-conferencia\/\" target=\"_blank\" rel=\"noopener\">aqu\u00ed<\/a>&gt;<\/strong>.<\/p>\n<p>&nbsp;<\/p>\n<p>&nbsp;<\/p>\n","protected":false},"excerpt":{"rendered":"<p>Nuestra pr\u00f3xima conferencia anual en Lovaina tendr\u00e1 lugar del 25 al 29 de octubre de 2021 y versar\u00e1 sobre la &#8220;cocreaci\u00f3n dentro y fuera del museo&#8221;. Este a\u00f1o no tendr\u00e1 que perderse la conferencia anual de la CECA. Los d\u00edas 25 y 26 de octubre, tendr\u00e1 acceso gratuito a un programa en l\u00ednea diverso e [&hellip;]<\/p>\n","protected":false},"author":31,"featured_media":6844,"comment_status":"open","ping_status":"open","sticky":false,"template":"","format":"standard","meta":{"footnotes":""},"categories":[18],"tags":[],"yst_prominent_words":[4087,985,981,979,1742,591,2603,289,1744,1746,320,1342,3110,3232],"acf":[],"_links":{"self":[{"href":"https:\/\/ceca.mini.icom.museum\/es\/wp-json\/wp\/v2\/posts\/6843"}],"collection":[{"href":"https:\/\/ceca.mini.icom.museum\/es\/wp-json\/wp\/v2\/posts"}],"about":[{"href":"https:\/\/ceca.mini.icom.museum\/es\/wp-json\/wp\/v2\/types\/post"}],"author":[{"embeddable":true,"href":"https:\/\/ceca.mini.icom.museum\/es\/wp-json\/wp\/v2\/users\/31"}],"replies":[{"embeddable":true,"href":"https:\/\/ceca.mini.icom.museum\/es\/wp-json\/wp\/v2\/comments?post=6843"}],"version-history":[{"count":4,"href":"https:\/\/ceca.mini.icom.museum\/es\/wp-json\/wp\/v2\/posts\/6843\/revisions"}],"predecessor-version":[{"id":6850,"href":"https:\/\/ceca.mini.icom.museum\/es\/wp-json\/wp\/v2\/posts\/6843\/revisions\/6850"}],"wp:featuredmedia":[{"embeddable":true,"href":"https:\/\/ceca.mini.icom.museum\/es\/wp-json\/wp\/v2\/media\/6844"}],"wp:attachment":[{"href":"https:\/\/ceca.mini.icom.museum\/es\/wp-json\/wp\/v2\/media?parent=6843"}],"wp:term":[{"taxonomy":"category","embeddable":true,"href":"https:\/\/ceca.mini.icom.museum\/es\/wp-json\/wp\/v2\/categories?post=6843"},{"taxonomy":"post_tag","embeddable":true,"href":"https:\/\/ceca.mini.icom.museum\/es\/wp-json\/wp\/v2\/tags?post=6843"},{"taxonomy":"yst_prominent_words","embeddable":true,"href":"https:\/\/ceca.mini.icom.museum\/es\/wp-json\/wp\/v2\/yst_prominent_words?post=6843"}],"curies":[{"name":"wp","href":"https:\/\/api.w.org\/{rel}","templated":true}]}}