{"id":7067,"date":"2021-07-04T19:06:46","date_gmt":"2021-07-04T19:06:46","guid":{"rendered":"http:\/\/ceca.mini.icom.museum\/?p=7067"},"modified":"2021-08-25T07:32:38","modified_gmt":"2021-08-25T07:32:38","slug":"convocatoria-de-ponencias-icom-education-31","status":"publish","type":"post","link":"https:\/\/ceca.mini.icom.museum\/es\/convocatoria-de-ponencias-icom-education-31\/","title":{"rendered":"Convocatoria de ponencias ICOM Education 31"},"content":{"rendered":"<p><strong>Tema : enfoque en Placer(es) de la visita<\/strong><\/p>\n<p>Por qu\u00e9 contamos &#8220;visitantes&#8221; en lugar de &#8220;visitas&#8221;. El matiz es importante, ya que tiene en cuenta tanto a los que acuden por primera vez al museo o a la exposici\u00f3n como a los que vuelven para otras visitas. Si vuelven, se puede suponer que les gust\u00f3 al menos una de sus visitas anteriores. Si los visitantes frecuentes y los amantes de los museos siguen volviendo a ver las exposiciones, deben disfrutarlas de alguna manera.<\/p>\n<p>Este n\u00famero de ICOM Education est\u00e1 dedicado a los misterios de la experiencia de la visita para averiguar qu\u00e9 es lo que la hace tan agradable, preguntemos al p\u00fablico qu\u00e9 es exactamente lo que hace que su visita sea tan placentera.<\/p>\n<p><em><strong>Los art\u00edculos deben enviarse antes del 15 de enero de 2022.<\/strong> <\/em><br \/>\nSer\u00e1n revisados por pares antes de ser aceptados para su publicaci\u00f3n. Dado que el plazo es extremadamente ajustado, todos los env\u00edos que lleguen despu\u00e9s de la fecha l\u00edmite de presentaci\u00f3n (mediados de enero de 2022) ser\u00e1n autom\u00e1ticamente rechazados.<\/p>\n<p><strong><em>Si desea enviar un art\u00edculo, p\u00f3ngase en contacto con St\u00e9phanie Wintzerith, &lt;swi[at]wintzerith.de&gt;.<\/em><\/strong><\/p>\n<p><strong>\u25ba\u25ba Toda la informaci\u00f3n aqu\u00ed<\/strong><br \/>\n<a href=\"https:\/\/ceca.mini.icom.museum\/es\/publicaciones\/icom-education\/\" target=\"_blank\" rel=\"noopener\"><strong>https:\/\/ceca.mini.icom.museum\/es\/publicaciones\/icom-education\/<\/strong><\/a><\/p>\n","protected":false},"excerpt":{"rendered":"<p>Tema : enfoque en Placer(es) de la visita Por qu\u00e9 contamos &#8220;visitantes&#8221; en lugar de &#8220;visitas&#8221;. El matiz es importante, ya que tiene en cuenta tanto a los que acuden por primera vez al museo o a la exposici\u00f3n como a los que vuelven para otras visitas. Si vuelven, se puede suponer que les gust\u00f3 [&hellip;]<\/p>\n","protected":false},"author":31,"featured_media":7062,"comment_status":"open","ping_status":"open","sticky":false,"template":"","format":"standard","meta":{"footnotes":""},"categories":[18],"tags":[],"yst_prominent_words":[1742,1756,1744,1400,1746,320,986,2582],"acf":[],"_links":{"self":[{"href":"https:\/\/ceca.mini.icom.museum\/es\/wp-json\/wp\/v2\/posts\/7067"}],"collection":[{"href":"https:\/\/ceca.mini.icom.museum\/es\/wp-json\/wp\/v2\/posts"}],"about":[{"href":"https:\/\/ceca.mini.icom.museum\/es\/wp-json\/wp\/v2\/types\/post"}],"author":[{"embeddable":true,"href":"https:\/\/ceca.mini.icom.museum\/es\/wp-json\/wp\/v2\/users\/31"}],"replies":[{"embeddable":true,"href":"https:\/\/ceca.mini.icom.museum\/es\/wp-json\/wp\/v2\/comments?post=7067"}],"version-history":[{"count":3,"href":"https:\/\/ceca.mini.icom.museum\/es\/wp-json\/wp\/v2\/posts\/7067\/revisions"}],"predecessor-version":[{"id":7092,"href":"https:\/\/ceca.mini.icom.museum\/es\/wp-json\/wp\/v2\/posts\/7067\/revisions\/7092"}],"wp:featuredmedia":[{"embeddable":true,"href":"https:\/\/ceca.mini.icom.museum\/es\/wp-json\/wp\/v2\/media\/7062"}],"wp:attachment":[{"href":"https:\/\/ceca.mini.icom.museum\/es\/wp-json\/wp\/v2\/media?parent=7067"}],"wp:term":[{"taxonomy":"category","embeddable":true,"href":"https:\/\/ceca.mini.icom.museum\/es\/wp-json\/wp\/v2\/categories?post=7067"},{"taxonomy":"post_tag","embeddable":true,"href":"https:\/\/ceca.mini.icom.museum\/es\/wp-json\/wp\/v2\/tags?post=7067"},{"taxonomy":"yst_prominent_words","embeddable":true,"href":"https:\/\/ceca.mini.icom.museum\/es\/wp-json\/wp\/v2\/yst_prominent_words?post=7067"}],"curies":[{"name":"wp","href":"https:\/\/api.w.org\/{rel}","templated":true}]}}