{"id":7127,"date":"2021-08-31T17:11:27","date_gmt":"2021-08-31T17:11:27","guid":{"rendered":"https:\/\/ceca.mini.icom.museum\/?p=7127"},"modified":"2021-08-31T17:11:27","modified_gmt":"2021-08-31T17:11:27","slug":"homenaje-a-inga-karaia-presidente-icom-georgia","status":"publish","type":"post","link":"https:\/\/ceca.mini.icom.museum\/es\/homenaje-a-inga-karaia-presidente-icom-georgia\/","title":{"rendered":"Homenaje a Inga Karaia, Presidente ICOM Georgia"},"content":{"rendered":"<p><strong>Homenaje a Inga Karaia<br \/>\nPresidente ICOM Georgia<br \/>\nProfesor de la Universidad del C\u00e1ucaso<\/strong><\/p>\n<p>Doctora en Humanidades, profesora de la Universidad del C\u00e1ucaso, Inga Karaia ha trabajado en los campos de la museolog\u00eda y del patrimonio cultural, la historia y la teor\u00eda del arte.<\/p>\n<p>Sus m\u00e9ritos en el \u00e1mbito de los museos y el arte son innumerables.<\/p>\n<p>Inga Karaia era una profesional y especialista en museos de renombre internacional. En 2007, junto con sus colegas, fund\u00f3 ICOM Georgia y, desde su creaci\u00f3n, ha sido la iniciadora y ejecutora de muchos proyectos a peque\u00f1a y gran escala a nivel nacional, regional e internacional.<\/p>\n<p>Por primera vez en Georgia, fund\u00f3 y dirigi\u00f3 el programa de m\u00e1ster en museolog\u00eda de la Academia Estatal de Artes de Tbilisi, cuyos graduados trabajan ahora en muchos museos y participan activamente en el desarrollo actual de los mismos;<\/p>\n<p>Inga Karaia era la Directora Ejecutiva de la Asociaci\u00f3n de Museos de Georgia. Fue Jefa del Departamento de Museos y Asesora del Ministro en el Ministerio de Cultura y Protecci\u00f3n de Monumentos de Georgia (2001-2014), Jefa del Departamento de Exposiciones en la Galer\u00eda Nacional de Georgia (1984-2001), Colaboradora Cient\u00edfica Principal en el Instituto Nacional de Historia, Arqueolog\u00eda y Etnograf\u00eda (1978-1984). Es autora de m\u00e1s de 80 publicaciones cient\u00edficas, metodol\u00f3gicas y de otro tipo sobre historia del arte, protecci\u00f3n del patrimonio cultural, pol\u00edtica cultural y cuestiones museol\u00f3gicas.<\/p>\n<p>A esta impresionante biograf\u00eda, reconocida por todos los profesionales del ICOM, me gustar\u00eda a\u00f1adir una dimensi\u00f3n espec\u00edfica para la CECA. Inga estaba muy interesada en los temas educativos y acud\u00eda con mucha frecuencia a las reuniones de la CECA. Organiz\u00f3 dos sesiones regionales de formaci\u00f3n de la CECA, una en Erev\u00e1n y otra en Tbilisi, que reunieron a participantes de la regi\u00f3n del C\u00e1ucaso Sur, Georgia, Armenia y Azerbaiy\u00e1n, actuando como agente de paz por encima de las diferencias ling\u00fc\u00edsticas, alfab\u00e9ticas y pol\u00edticas. La CECA fue siempre acogida con calor y entusiasmo por ella y por todos los miembros de su familia a los que consigui\u00f3 involucrar en su pasi\u00f3n por los museos.<br \/>\nICOM Georgia acogi\u00f3 de forma memorable la conferencia anual de la CECA en 2018.<\/p>\n<p>Todos los que la conocieron llorar\u00e1n la p\u00e9rdida de una figura vital del museo y de una querida amiga.<\/p>\n<p>Marie Clart\u00e9 O&#8217;Neill<br \/>\nPresidente de la CECA<\/p>\n<p>&nbsp;<\/p>\n<p><img decoding=\"async\" loading=\"lazy\" class=\"aligncenter wp-image-7105 size-full\" src=\"https:\/\/ceca.mini.icom.museum\/wp-content\/uploads\/sites\/5\/2021\/08\/barre-3-inga-gris-700px-01.jpg\" alt=\"\" width=\"700\" height=\"287\" srcset=\"https:\/\/ceca.mini.icom.museum\/wp-content\/uploads\/sites\/5\/2021\/08\/barre-3-inga-gris-700px-01.jpg 700w, https:\/\/ceca.mini.icom.museum\/wp-content\/uploads\/sites\/5\/2021\/08\/barre-3-inga-gris-700px-01-300x123.jpg 300w\" sizes=\"(max-width: 700px) 100vw, 700px\" \/><\/p>\n<p><img decoding=\"async\" loading=\"lazy\" class=\"aligncenter wp-image-7111 size-full\" src=\"https:\/\/ceca.mini.icom.museum\/wp-content\/uploads\/sites\/5\/2021\/08\/inga-ceca-13.jpg\" alt=\"\" width=\"704\" height=\"307\" srcset=\"https:\/\/ceca.mini.icom.museum\/wp-content\/uploads\/sites\/5\/2021\/08\/inga-ceca-13.jpg 704w, https:\/\/ceca.mini.icom.museum\/wp-content\/uploads\/sites\/5\/2021\/08\/inga-ceca-13-300x131.jpg 300w\" sizes=\"(max-width: 704px) 100vw, 704px\" \/><\/p>\n<p><img decoding=\"async\" loading=\"lazy\" class=\"aligncenter wp-image-7108 size-full\" src=\"https:\/\/ceca.mini.icom.museum\/wp-content\/uploads\/sites\/5\/2021\/08\/inga-ceca-11.jpg\" alt=\"\" width=\"704\" height=\"225\" srcset=\"https:\/\/ceca.mini.icom.museum\/wp-content\/uploads\/sites\/5\/2021\/08\/inga-ceca-11.jpg 704w, https:\/\/ceca.mini.icom.museum\/wp-content\/uploads\/sites\/5\/2021\/08\/inga-ceca-11-300x96.jpg 300w\" sizes=\"(max-width: 704px) 100vw, 704px\" \/><!--more--><\/p>\n<p><img decoding=\"async\" loading=\"lazy\" class=\"aligncenter wp-image-7114 size-full\" src=\"https:\/\/ceca.mini.icom.museum\/wp-content\/uploads\/sites\/5\/2021\/08\/inga-ceca-12.jpg\" alt=\"\" width=\"704\" height=\"281\" srcset=\"https:\/\/ceca.mini.icom.museum\/wp-content\/uploads\/sites\/5\/2021\/08\/inga-ceca-12.jpg 704w, https:\/\/ceca.mini.icom.museum\/wp-content\/uploads\/sites\/5\/2021\/08\/inga-ceca-12-300x120.jpg 300w\" sizes=\"(max-width: 704px) 100vw, 704px\" \/><!--more--><\/p>\n<p><img decoding=\"async\" loading=\"lazy\" class=\"aligncenter wp-image-7117 size-full\" src=\"https:\/\/ceca.mini.icom.museum\/wp-content\/uploads\/sites\/5\/2021\/08\/inga-ceca-14.jpg\" alt=\"\" width=\"704\" height=\"336\" srcset=\"https:\/\/ceca.mini.icom.museum\/wp-content\/uploads\/sites\/5\/2021\/08\/inga-ceca-14.jpg 704w, https:\/\/ceca.mini.icom.museum\/wp-content\/uploads\/sites\/5\/2021\/08\/inga-ceca-14-300x143.jpg 300w\" sizes=\"(max-width: 704px) 100vw, 704px\" \/><\/p>\n<p><img decoding=\"async\" loading=\"lazy\" class=\"aligncenter wp-image-7121 size-full\" src=\"https:\/\/ceca.mini.icom.museum\/wp-content\/uploads\/sites\/5\/2021\/08\/inga-ceca-10.jpg\" alt=\"\" width=\"704\" height=\"400\" srcset=\"https:\/\/ceca.mini.icom.museum\/wp-content\/uploads\/sites\/5\/2021\/08\/inga-ceca-10.jpg 704w, https:\/\/ceca.mini.icom.museum\/wp-content\/uploads\/sites\/5\/2021\/08\/inga-ceca-10-300x170.jpg 300w\" sizes=\"(max-width: 704px) 100vw, 704px\" \/><!--more--><\/p>\n<p>&nbsp;<\/p>\n<p>&nbsp;<\/p>\n<p><!--more--><\/p>\n<p><!--more--><\/p>\n","protected":false},"excerpt":{"rendered":"<p>Homenaje a Inga Karaia Presidente ICOM Georgia Profesor de la Universidad del C\u00e1ucaso Doctora en Humanidades, profesora de la Universidad del C\u00e1ucaso, Inga Karaia ha trabajado en los campos de la museolog\u00eda y del patrimonio cultural, la historia y la teor\u00eda del arte. Sus m\u00e9ritos en el \u00e1mbito de los museos y el arte son [&hellip;]<\/p>\n","protected":false},"author":31,"featured_media":7101,"comment_status":"open","ping_status":"open","sticky":false,"template":"","format":"standard","meta":{"footnotes":""},"categories":[18],"tags":[],"yst_prominent_words":[1756,785,354,1701,3613],"acf":[],"_links":{"self":[{"href":"https:\/\/ceca.mini.icom.museum\/es\/wp-json\/wp\/v2\/posts\/7127"}],"collection":[{"href":"https:\/\/ceca.mini.icom.museum\/es\/wp-json\/wp\/v2\/posts"}],"about":[{"href":"https:\/\/ceca.mini.icom.museum\/es\/wp-json\/wp\/v2\/types\/post"}],"author":[{"embeddable":true,"href":"https:\/\/ceca.mini.icom.museum\/es\/wp-json\/wp\/v2\/users\/31"}],"replies":[{"embeddable":true,"href":"https:\/\/ceca.mini.icom.museum\/es\/wp-json\/wp\/v2\/comments?post=7127"}],"version-history":[{"count":3,"href":"https:\/\/ceca.mini.icom.museum\/es\/wp-json\/wp\/v2\/posts\/7127\/revisions"}],"predecessor-version":[{"id":7130,"href":"https:\/\/ceca.mini.icom.museum\/es\/wp-json\/wp\/v2\/posts\/7127\/revisions\/7130"}],"wp:featuredmedia":[{"embeddable":true,"href":"https:\/\/ceca.mini.icom.museum\/es\/wp-json\/wp\/v2\/media\/7101"}],"wp:attachment":[{"href":"https:\/\/ceca.mini.icom.museum\/es\/wp-json\/wp\/v2\/media?parent=7127"}],"wp:term":[{"taxonomy":"category","embeddable":true,"href":"https:\/\/ceca.mini.icom.museum\/es\/wp-json\/wp\/v2\/categories?post=7127"},{"taxonomy":"post_tag","embeddable":true,"href":"https:\/\/ceca.mini.icom.museum\/es\/wp-json\/wp\/v2\/tags?post=7127"},{"taxonomy":"yst_prominent_words","embeddable":true,"href":"https:\/\/ceca.mini.icom.museum\/es\/wp-json\/wp\/v2\/yst_prominent_words?post=7127"}],"curies":[{"name":"wp","href":"https:\/\/api.w.org\/{rel}","templated":true}]}}