{"id":7508,"date":"2021-11-15T16:28:58","date_gmt":"2021-11-15T16:28:58","guid":{"rendered":"https:\/\/ceca.mini.icom.museum\/?p=7508"},"modified":"2021-11-15T16:28:58","modified_gmt":"2021-11-15T16:28:58","slug":"asamblea-general-2021","status":"publish","type":"post","link":"https:\/\/ceca.mini.icom.museum\/es\/asamblea-general-2021\/","title":{"rendered":"Asamblea General 2021"},"content":{"rendered":"<p>El Consejo de Administraci\u00f3n de la CECA se complace en anunciar que este a\u00f1o <strong>la Asamblea General de la CECA tendr\u00e1 lugar en l\u00ednea a trav\u00e9s de Zoom el s\u00e1bado 11 de diciembre a las 15:00 horas de Par\u00eds, GMT+2.<\/strong><\/p>\n<p>El a\u00f1o pasado fue nuestra primera reuni\u00f3n general virtual de la CECA. Y, como muchos de vosotros sab\u00e9is, llevar a cabo una gran reuni\u00f3n en l\u00ednea plantea verdaderos desaf\u00edos t\u00e9cnicos. Somos un grupo muy grande y poderoso (alrededor de 3.000 miembros de la CECA en todo el mundo). Sin embargo, la plataforma Zoom s\u00f3lo permite un m\u00e1ximo de 300 participantes. Le rogamos que se inscriba lo antes posible para reservar su plaza. Le agradecemos de antemano su paciencia y comprensi\u00f3n mientras trabajamos para llevar a cabo una exitosa y efectiva Asamblea General de la CECA.<\/p>\n<p><strong>Para inscribirse en la Asamblea General de la CECA de 2021, rellene el siguiente formulario de Google antes del 29 de noviembre de 2021.<\/strong><\/p>\n<ul>\n<li><a href=\"https:\/\/docs.google.com\/forms\/d\/e\/1FAIpQLScYStxTOlucso1Pg1r3ueBDPfbi4RFst-C9NGwM0GG-1Bubzg\/viewform?usp=sf_link&amp;hl=es\" target=\"_blank\" rel=\"noopener\">El formulario en espa\u00f1ol<\/a><\/li>\n<li><a href=\"https:\/\/docs.google.com\/forms\/d\/e\/1FAIpQLSeCFSwNJ70KlG7ZakCyU-lk04x_VlLg9cttl38hFpwHZfdQmA\/viewform?usp=sf_link&amp;hl=fr\" target=\"_blank\" rel=\"noopener\">El formulario en franc\u00e9s<\/a><\/li>\n<li><a href=\"https:\/\/docs.google.com\/forms\/d\/e\/1FAIpQLSedho9MiWtoAM22_eTyFGMOFeA812Fjv9h9yLJw3Mp-IQhZTQ\/viewform?usp=sf_link\" target=\"_blank\" rel=\"noopener\">El formulario en ingl\u00e9s<\/a><\/li>\n<\/ul>\n<p><strong>&lt;<a href=\"\/?page_id=5782\" target=\"_blank\" rel=\"noopener\">Mas<\/a>&gt;<\/strong><\/p>\n","protected":false},"excerpt":{"rendered":"<p>El Consejo de Administraci\u00f3n de la CECA se complace en anunciar que este a\u00f1o la Asamblea General de la CECA tendr\u00e1 lugar en l\u00ednea a trav\u00e9s de Zoom el s\u00e1bado 11 de diciembre a las 15:00 horas de Par\u00eds, GMT+2. El a\u00f1o pasado fue nuestra primera reuni\u00f3n general virtual de la CECA. Y, como muchos [&hellip;]<\/p>\n","protected":false},"author":31,"featured_media":7503,"comment_status":"open","ping_status":"open","sticky":false,"template":"","format":"standard","meta":{"footnotes":""},"categories":[18],"tags":[],"yst_prominent_words":[3598,3580,336,330,1742,1756,785,3599,3581,337,1746,3645,3644,3912,1701],"acf":[],"_links":{"self":[{"href":"https:\/\/ceca.mini.icom.museum\/es\/wp-json\/wp\/v2\/posts\/7508"}],"collection":[{"href":"https:\/\/ceca.mini.icom.museum\/es\/wp-json\/wp\/v2\/posts"}],"about":[{"href":"https:\/\/ceca.mini.icom.museum\/es\/wp-json\/wp\/v2\/types\/post"}],"author":[{"embeddable":true,"href":"https:\/\/ceca.mini.icom.museum\/es\/wp-json\/wp\/v2\/users\/31"}],"replies":[{"embeddable":true,"href":"https:\/\/ceca.mini.icom.museum\/es\/wp-json\/wp\/v2\/comments?post=7508"}],"version-history":[{"count":3,"href":"https:\/\/ceca.mini.icom.museum\/es\/wp-json\/wp\/v2\/posts\/7508\/revisions"}],"predecessor-version":[{"id":7511,"href":"https:\/\/ceca.mini.icom.museum\/es\/wp-json\/wp\/v2\/posts\/7508\/revisions\/7511"}],"wp:featuredmedia":[{"embeddable":true,"href":"https:\/\/ceca.mini.icom.museum\/es\/wp-json\/wp\/v2\/media\/7503"}],"wp:attachment":[{"href":"https:\/\/ceca.mini.icom.museum\/es\/wp-json\/wp\/v2\/media?parent=7508"}],"wp:term":[{"taxonomy":"category","embeddable":true,"href":"https:\/\/ceca.mini.icom.museum\/es\/wp-json\/wp\/v2\/categories?post=7508"},{"taxonomy":"post_tag","embeddable":true,"href":"https:\/\/ceca.mini.icom.museum\/es\/wp-json\/wp\/v2\/tags?post=7508"},{"taxonomy":"yst_prominent_words","embeddable":true,"href":"https:\/\/ceca.mini.icom.museum\/es\/wp-json\/wp\/v2\/yst_prominent_words?post=7508"}],"curies":[{"name":"wp","href":"https:\/\/api.w.org\/{rel}","templated":true}]}}