{"id":7563,"date":"2021-11-23T12:15:50","date_gmt":"2021-11-23T12:15:50","guid":{"rendered":"https:\/\/ceca.mini.icom.museum\/?p=7563"},"modified":"2021-11-23T12:15:50","modified_gmt":"2021-11-23T12:15:50","slug":"xii-encuentro-regional-confluencia-de-voces-por-la-educacion-y-los-museos","status":"publish","type":"post","link":"https:\/\/ceca.mini.icom.museum\/es\/xii-encuentro-regional-confluencia-de-voces-por-la-educacion-y-los-museos\/","title":{"rendered":"XII Encuentro Regional \u201cConfluencia de voces por la educaci\u00f3n y los museos\u201d."},"content":{"rendered":"<p>Desde el Comit\u00e9 de Educaci\u00f3n y Acci\u00f3n Cultural para Am\u00e9rica Latina y el Caribe &#8211; ICOM CECA LAC y la Direcci\u00f3n Internacional y Cultura del Gobierno Provincial de Los R\u00edos, llevaremos adelante el <strong>XII Encuentro Regional \u201cConfluencia de voces por la educaci\u00f3n y los museos\u201d.<\/strong><\/p>\n<p>Educadoras y educadores de museos y espacios culturales de toda nuestra regi\u00f3n se dar\u00e1n cita a esta nueva edici\u00f3n, v\u00eda plataforma ZOOM, del jueves 25 al s\u00e1bado 27 de noviembre del 2021, de 08h00 a 17h00 (hora Ecuador).<br \/>\nLa participaci\u00f3n es sin costo.<br \/>\n<strong>M\u00e1s informaci\u00f3n: cecalacecuador2021[at]gmail.com<\/strong><\/p>\n<p><img decoding=\"async\" loading=\"lazy\" class=\"alignnone size-medium wp-image-7555\" src=\"https:\/\/ceca.mini.icom.museum\/wp-content\/uploads\/sites\/5\/2021\/11\/Afiche-Encuentro-Regional-CECA-LAC-216x300.jpg\" alt=\"\" width=\"216\" height=\"300\" srcset=\"https:\/\/ceca.mini.icom.museum\/wp-content\/uploads\/sites\/5\/2021\/11\/Afiche-Encuentro-Regional-CECA-LAC-216x300.jpg 216w, https:\/\/ceca.mini.icom.museum\/wp-content\/uploads\/sites\/5\/2021\/11\/Afiche-Encuentro-Regional-CECA-LAC-738x1024.jpg 738w, https:\/\/ceca.mini.icom.museum\/wp-content\/uploads\/sites\/5\/2021\/11\/Afiche-Encuentro-Regional-CECA-LAC-768x1066.jpg 768w, https:\/\/ceca.mini.icom.museum\/wp-content\/uploads\/sites\/5\/2021\/11\/Afiche-Encuentro-Regional-CECA-LAC-1107x1536.jpg 1107w, https:\/\/ceca.mini.icom.museum\/wp-content\/uploads\/sites\/5\/2021\/11\/Afiche-Encuentro-Regional-CECA-LAC-1475x2048.jpg 1475w, https:\/\/ceca.mini.icom.museum\/wp-content\/uploads\/sites\/5\/2021\/11\/Afiche-Encuentro-Regional-CECA-LAC-scaled.jpg 1844w\" sizes=\"(max-width: 216px) 100vw, 216px\" \/><\/p>\n<p><a href=\"https:\/\/ceca.mini.icom.museum\/wp-content\/uploads\/sites\/5\/2021\/11\/Comunicaci\u00a6n-XII-ENCUENTRO-REGIONAL-CECA-LAC.pdf\" target=\"_blank\" rel=\"noopener\">Comunicaci\u00f3n<\/a><\/p>\n<p><a href=\"https:\/\/ceca.mini.icom.museum\/wp-content\/uploads\/sites\/5\/2021\/11\/Programa-XII-Encuentro-Regional-CECA-LAC-2021.pdf\" target=\"_blank\" rel=\"noopener\">programa<\/a><\/p>\n","protected":false},"excerpt":{"rendered":"<p>Desde el Comit\u00e9 de Educaci\u00f3n y Acci\u00f3n Cultural para Am\u00e9rica Latina y el Caribe &#8211; ICOM CECA LAC y la Direcci\u00f3n Internacional y Cultura del Gobierno Provincial de Los R\u00edos, llevaremos adelante el XII Encuentro Regional \u201cConfluencia de voces por la educaci\u00f3n y los museos\u201d. Educadoras y educadores de museos y espacios culturales de toda [&hellip;]<\/p>\n","protected":false},"author":31,"featured_media":7546,"comment_status":"open","ping_status":"open","sticky":false,"template":"","format":"standard","meta":{"footnotes":""},"categories":[18],"tags":[],"yst_prominent_words":[1742,591,287,813,289,1746,320,288],"acf":[],"_links":{"self":[{"href":"https:\/\/ceca.mini.icom.museum\/es\/wp-json\/wp\/v2\/posts\/7563"}],"collection":[{"href":"https:\/\/ceca.mini.icom.museum\/es\/wp-json\/wp\/v2\/posts"}],"about":[{"href":"https:\/\/ceca.mini.icom.museum\/es\/wp-json\/wp\/v2\/types\/post"}],"author":[{"embeddable":true,"href":"https:\/\/ceca.mini.icom.museum\/es\/wp-json\/wp\/v2\/users\/31"}],"replies":[{"embeddable":true,"href":"https:\/\/ceca.mini.icom.museum\/es\/wp-json\/wp\/v2\/comments?post=7563"}],"version-history":[{"count":1,"href":"https:\/\/ceca.mini.icom.museum\/es\/wp-json\/wp\/v2\/posts\/7563\/revisions"}],"predecessor-version":[{"id":7564,"href":"https:\/\/ceca.mini.icom.museum\/es\/wp-json\/wp\/v2\/posts\/7563\/revisions\/7564"}],"wp:featuredmedia":[{"embeddable":true,"href":"https:\/\/ceca.mini.icom.museum\/es\/wp-json\/wp\/v2\/media\/7546"}],"wp:attachment":[{"href":"https:\/\/ceca.mini.icom.museum\/es\/wp-json\/wp\/v2\/media?parent=7563"}],"wp:term":[{"taxonomy":"category","embeddable":true,"href":"https:\/\/ceca.mini.icom.museum\/es\/wp-json\/wp\/v2\/categories?post=7563"},{"taxonomy":"post_tag","embeddable":true,"href":"https:\/\/ceca.mini.icom.museum\/es\/wp-json\/wp\/v2\/tags?post=7563"},{"taxonomy":"yst_prominent_words","embeddable":true,"href":"https:\/\/ceca.mini.icom.museum\/es\/wp-json\/wp\/v2\/yst_prominent_words?post=7563"}],"curies":[{"name":"wp","href":"https:\/\/api.w.org\/{rel}","templated":true}]}}