{"id":7673,"date":"2022-01-18T13:09:43","date_gmt":"2022-01-18T13:09:43","guid":{"rendered":"https:\/\/ceca.mini.icom.museum\/?p=7673"},"modified":"2022-04-01T22:20:13","modified_gmt":"2022-04-01T22:20:13","slug":"convocatoria-de-ponencias-ceca-2022-praga","status":"publish","type":"post","link":"https:\/\/ceca.mini.icom.museum\/es\/convocatoria-de-ponencias-ceca-2022-praga\/","title":{"rendered":"Convocatoria de ponencias &#8211; CECA 2022 Praga"},"content":{"rendered":"<h4><img decoding=\"async\" loading=\"lazy\" class=\"alignnone wp-image-7668\" src=\"https:\/\/ceca.mini.icom.museum\/wp-content\/uploads\/sites\/5\/2022\/01\/visuel-icom-prague-CECA-600px-05.jpg\" alt=\"\" width=\"400\" height=\"175\" srcset=\"https:\/\/ceca.mini.icom.museum\/wp-content\/uploads\/sites\/5\/2022\/01\/visuel-icom-prague-CECA-600px-05.jpg 600w, https:\/\/ceca.mini.icom.museum\/wp-content\/uploads\/sites\/5\/2022\/01\/visuel-icom-prague-CECA-600px-05-300x132.jpg 300w\" sizes=\"(max-width: 400px) 100vw, 400px\" \/><br \/>\n<strong>La pr\u00f3xima conferencia anual de la CECA se celebrar\u00e1 en Praga<\/strong>, durante la Conferencia General del ICOM, de 20 al 28 de agosto de 2022.<br \/>\n&#8220;El poder de los museos&#8221; es el tema principal de la 26\u00aa Conferencia General del ICOM.<\/h4>\n<hr \/>\n<p><strong>Siguiendo el tema principal de la 26\u00aa Conferencia General, la CECA est\u00e1 organizando sus sesiones espec\u00edficas <em>el 23 de agosto 2022: &#8220;Aumentar el poder, la educaci\u00f3n en los museos y las nuevas tecnolog\u00edas&#8221;<\/em>.<\/strong><\/p>\n<p>Vamos a analizar la relaci\u00f3n entre las nuevas tecnolog\u00edas y el aprendizaje en los museos y explorar c\u00f3mo ampliar las oportunidades de aprendizaje y empoderar a las audiencias. El objetivo de esta conferencia es promover el di\u00e1logo, compartir ejemplos e ideas, as\u00ed como la investigaci\u00f3n.<\/p>\n<p><strong>Los posibles temas incluyen, entre otros, los siguientes:<\/strong><\/p>\n<ul>\n<li>Ventajas y limitaciones de las tecnolog\u00edas emergentes en la educaci\u00f3n en museos<\/li>\n<li>Estudios de caso de implementaciones exitosas o no tan exitosas de las nuevas tecnolog\u00edas en el aprendizaje<\/li>\n<li>Nuevas tecnolog\u00edas y accesibilidad<\/li>\n<li>C\u00f3mo podemos salvar las distancias<\/li>\n<li>Tecnolog\u00edas emergentes para el museo post-pand\u00e9mico<\/li>\n<li>\u00c9tica, nuevas tecnolog\u00edas y aprendizaje en los museos<\/li>\n<\/ul>\n<p><strong>Formatos de las presentaciones:<\/strong><\/p>\n<ul>\n<li>Documento de investigaci\u00f3n 20&#8242;<\/li>\n<li>Ponencia tem\u00e1tica 15&#8242;<\/li>\n<li>Mercado de ideas 7&#8242;<\/li>\n<li>P\u00f3steres<\/li>\n<\/ul>\n<p>La conferencia se desarrollar\u00e1 en formato h\u00edbrido (presencial + en l\u00ednea).<br \/>\nLos p\u00f3steres se presentar\u00e1n \u00fanicamente en formato virtual y <strong>pronto podr\u00e1n cargarse a trav\u00e9s de la plataforma general de la conferencia en l\u00ednea<\/strong>, lo que facilitar\u00e1 su presentaci\u00f3n y la har\u00e1 m\u00e1s accesible para todos.<\/p>\n<p><strong>Informaci\u00f3n. <\/strong>Contacte con Zeljka Jelavic &lt;<em>zjelavic[at]emz.hr<\/em>&gt;<\/p>\n<p>&nbsp;<\/p>\n","protected":false},"excerpt":{"rendered":"<p>La pr\u00f3xima conferencia anual de la CECA se celebrar\u00e1 en Praga, durante la Conferencia General del ICOM, de 20 al 28 de agosto de 2022. &#8220;El poder de los museos&#8221; es el tema principal de la 26\u00aa Conferencia General del ICOM. Siguiendo el tema principal de la 26\u00aa Conferencia General, la CECA est\u00e1 organizando sus [&hellip;]<\/p>\n","protected":false},"author":31,"featured_media":7672,"comment_status":"open","ping_status":"open","sticky":false,"template":"","format":"standard","meta":{"footnotes":""},"categories":[18],"tags":[],"yst_prominent_words":[406,405,2067,404,1756,2068,407],"acf":[],"_links":{"self":[{"href":"https:\/\/ceca.mini.icom.museum\/es\/wp-json\/wp\/v2\/posts\/7673"}],"collection":[{"href":"https:\/\/ceca.mini.icom.museum\/es\/wp-json\/wp\/v2\/posts"}],"about":[{"href":"https:\/\/ceca.mini.icom.museum\/es\/wp-json\/wp\/v2\/types\/post"}],"author":[{"embeddable":true,"href":"https:\/\/ceca.mini.icom.museum\/es\/wp-json\/wp\/v2\/users\/31"}],"replies":[{"embeddable":true,"href":"https:\/\/ceca.mini.icom.museum\/es\/wp-json\/wp\/v2\/comments?post=7673"}],"version-history":[{"count":8,"href":"https:\/\/ceca.mini.icom.museum\/es\/wp-json\/wp\/v2\/posts\/7673\/revisions"}],"predecessor-version":[{"id":8719,"href":"https:\/\/ceca.mini.icom.museum\/es\/wp-json\/wp\/v2\/posts\/7673\/revisions\/8719"}],"wp:featuredmedia":[{"embeddable":true,"href":"https:\/\/ceca.mini.icom.museum\/es\/wp-json\/wp\/v2\/media\/7672"}],"wp:attachment":[{"href":"https:\/\/ceca.mini.icom.museum\/es\/wp-json\/wp\/v2\/media?parent=7673"}],"wp:term":[{"taxonomy":"category","embeddable":true,"href":"https:\/\/ceca.mini.icom.museum\/es\/wp-json\/wp\/v2\/categories?post=7673"},{"taxonomy":"post_tag","embeddable":true,"href":"https:\/\/ceca.mini.icom.museum\/es\/wp-json\/wp\/v2\/tags?post=7673"},{"taxonomy":"yst_prominent_words","embeddable":true,"href":"https:\/\/ceca.mini.icom.museum\/es\/wp-json\/wp\/v2\/yst_prominent_words?post=7673"}],"curies":[{"name":"wp","href":"https:\/\/api.w.org\/{rel}","templated":true}]}}