{"id":8118,"date":"2019-09-09T10:47:41","date_gmt":"2019-09-09T10:47:41","guid":{"rendered":"https:\/\/ceca.mini.icom.museum\/?p=8118"},"modified":"2022-02-09T10:48:30","modified_gmt":"2022-02-09T10:48:30","slug":"mensaje-de-la-presidenta","status":"publish","type":"post","link":"https:\/\/ceca.mini.icom.museum\/es\/mensaje-de-la-presidenta\/","title":{"rendered":"Mensaje de la Presidenta"},"content":{"rendered":"<h1><span style=\"color: #474747; font-family: Georgia; font-size: 15px;\"><img decoding=\"async\" loading=\"lazy\" class=\" wp-image-1783 alignleft\" src=\"https:\/\/ceca.mini.icom.museum\/wp-content\/uploads\/sites\/5\/2019\/09\/marie-Clart\u00e9_ONEILL_a.jpg\" alt=\"\" width=\"150\" height=\"173\" \/>Estimados miembros de CECA,<\/span><\/h1>\n<div id=\"RTE_CONTENT\">\n<div id=\"c10383\" class=\"csc-default\">\n<p class=\"bodytext\">Aqu\u00ed estoy, despu\u00e9s de tantos a\u00f1os de diversas actividades dentro del Comit\u00e9, como presidente del CECA. Lo tomo como un honor, pero tambi\u00e9n como una responsabilidad importante.<\/p>\n<p>En primer lugar, quisiera agradecer la actividad del Consejo anterior, que bajo el liderazgo de Mila Chiovatto, adem\u00e1s de las actividades tradicionales del CECA, ha logrado un progreso significativo en la organizaci\u00f3n interna del mismo. Deseo agradecer a todos por su tarea.<\/p>\n<p>Sobre estas bases s\u00f3lidas y ayudada por un staff de diferentes edades, experiencia, or\u00edgenes e idiomas, me gustar\u00eda guiar, con su ayuda, la actividad de nuestro comit\u00e9 en varias direcciones prioritarias:<\/p>\n<ul>\n<li><b>La comunicaci\u00f3n a los miembros<\/b>\u00a0deber\u00e1 fortalecerse de dos maneras complementarias:<\/li>\n<\/ul>\n<ol>\n<li>Mediante una actualizaci\u00f3n necesaria de las listas de miembros, insuficientemente actualizadas por la Secretar\u00eda del ICOM y que deber\u00e1n conciliarse caso por caso con las listas elaboradas por los Comit\u00e9s Nacionales. Nuestra red de corresponsales nacionales fortalecer\u00e1 a\u00fan m\u00e1s su utilidad.<\/li>\n<li>A trav\u00e9s de un sitio web renovado y receptivo, una mayor presencia en las redes sociales, el env\u00edo de boletines plurianuales. Toda la informaci\u00f3n proporcionada debe estar disponible sistem\u00e1ticamente en los tres idiomas oficiales del ICOM, una tarea importante pero esencial para la inclusi\u00f3n de todos.<\/li>\n<\/ol>\n<ul>\n<li><b>Se solicitar\u00e1 la participaci\u00f3n activa de la red de miembros<\/b>\u00a0de varias maneras:<\/li>\n<\/ul>\n<ol>\n<li>Al cambiar el formato de nuestras reuniones anuales a un modo m\u00e1s interactivo que favorezca los intercambios y testimonios y posponga los talleres tradicionales previos a la conferencia dentro de la conferencia abri\u00e9ndolos a todos.<\/li>\n<li>Mediante la constituci\u00f3n progresiva de &#8220;grupos de inter\u00e9s especial&#8221;, cada uno de los cuales decide, en torno a un coordinador voluntario, trabajar a mediano plazo en torno a un tema com\u00fan, dando lugar a informes durante la conferencia anual.<\/li>\n<li>Prestando especial atenci\u00f3n a la formaci\u00f3n profesional de la red de miembros, m\u00e1s all\u00e1 de la mera informaci\u00f3n, reforzando los v\u00ednculos ya iniciados entre la investigaci\u00f3n experimental y las habilidades profesionales. Los candidatos al Premio a las Mejores Pr\u00e1cticas, por ejemplo, ser\u00edan alentados a perfeccionar sus herramientas de evaluaci\u00f3n del programa durante los talleres en la conferencia anual. El n\u00famero de talleres regionales se incrementar\u00eda y se orientar\u00eda hacia el desarrollo de habilidades de estructuraci\u00f3n en la educaci\u00f3n muse\u00edstica.<\/li>\n<\/ol>\n<ul>\n<li><b>Apoyo para el reconocimiento de las habilidades<\/b>\u00a0del personal educativo en los museos, alentando su participaci\u00f3n en el desarrollo de exposiciones y actuando de todas las formas posibles para mejorar el estatus profesional de los educadores de museos.<\/li>\n<\/ul>\n<p class=\"bodytext\">Soy consciente de que este programa es ambicioso, pero estoy convencida de que corresponde al deseo de los miembros del CECA y que puede ser llevado a cabo por el hermoso equipo que se acaba de formar y por el dinamismo de la red.<\/p>\n<p>\u00a1Vivan los museos, viva la educaci\u00f3n que brindan, vivan los profesionales que se dedican a ellos!<\/p>\n<p>Marie-Clart\u00e9 O&#8217;NEILL<br \/>\nPresidente del Comit\u00e9 Internacional ICOM CECA.<br \/>\nSeptiembre de 2019<\/p>\n<\/div>\n<\/div>\n","protected":false},"excerpt":{"rendered":"<p>Estimados miembros de CECA, Aqu\u00ed estoy, despu\u00e9s de tantos a\u00f1os de diversas actividades dentro del Comit\u00e9, como presidente del CECA. Lo tomo como un honor, pero tambi\u00e9n como una responsabilidad importante. En primer lugar, quisiera agradecer la actividad del Consejo anterior, que bajo el liderazgo de Mila Chiovatto, adem\u00e1s de las actividades tradicionales del CECA, [&hellip;]<\/p>\n","protected":false},"author":1,"featured_media":0,"comment_status":"open","ping_status":"open","sticky":false,"template":"","format":"standard","meta":{"footnotes":""},"categories":[18],"tags":[],"yst_prominent_words":[1756,837,835,834,842,123,843,507,841,819,838,92,120,845,839,836,320,844,840,846],"acf":[],"_links":{"self":[{"href":"https:\/\/ceca.mini.icom.museum\/es\/wp-json\/wp\/v2\/posts\/8118"}],"collection":[{"href":"https:\/\/ceca.mini.icom.museum\/es\/wp-json\/wp\/v2\/posts"}],"about":[{"href":"https:\/\/ceca.mini.icom.museum\/es\/wp-json\/wp\/v2\/types\/post"}],"author":[{"embeddable":true,"href":"https:\/\/ceca.mini.icom.museum\/es\/wp-json\/wp\/v2\/users\/1"}],"replies":[{"embeddable":true,"href":"https:\/\/ceca.mini.icom.museum\/es\/wp-json\/wp\/v2\/comments?post=8118"}],"version-history":[{"count":2,"href":"https:\/\/ceca.mini.icom.museum\/es\/wp-json\/wp\/v2\/posts\/8118\/revisions"}],"predecessor-version":[{"id":8120,"href":"https:\/\/ceca.mini.icom.museum\/es\/wp-json\/wp\/v2\/posts\/8118\/revisions\/8120"}],"wp:attachment":[{"href":"https:\/\/ceca.mini.icom.museum\/es\/wp-json\/wp\/v2\/media?parent=8118"}],"wp:term":[{"taxonomy":"category","embeddable":true,"href":"https:\/\/ceca.mini.icom.museum\/es\/wp-json\/wp\/v2\/categories?post=8118"},{"taxonomy":"post_tag","embeddable":true,"href":"https:\/\/ceca.mini.icom.museum\/es\/wp-json\/wp\/v2\/tags?post=8118"},{"taxonomy":"yst_prominent_words","embeddable":true,"href":"https:\/\/ceca.mini.icom.museum\/es\/wp-json\/wp\/v2\/yst_prominent_words?post=8118"}],"curies":[{"name":"wp","href":"https:\/\/api.w.org\/{rel}","templated":true}]}}