{"id":9759,"date":"2022-11-24T21:35:34","date_gmt":"2022-11-24T21:35:34","guid":{"rendered":"https:\/\/ceca.mini.icom.museum\/?p=9759"},"modified":"2022-11-24T21:35:34","modified_gmt":"2022-11-24T21:35:34","slug":"asamblea-general-2022","status":"publish","type":"post","link":"https:\/\/ceca.mini.icom.museum\/es\/asamblea-general-2022\/","title":{"rendered":"Asamblea General 2022"},"content":{"rendered":"<h4><strong>La Asamblea General de 2022 se celebrar\u00e1 en una fecha un poco retrasada, el 14 de enero de 2023, a las 15 horas (hora de Par\u00eds).<\/strong><\/h4>\n<p>Se presentar\u00e1n los informes de las numerosas e importantes actividades del CECA durante el presente a\u00f1o.<br \/>\n<strong>Se celebrar\u00e1 en l\u00ednea, en la plataforma Zoom.<\/strong><br \/>\nLos miembros del CECA recibir\u00e1n un correo electr\u00f3nico individual con los datos de acceso a la reuni\u00f3n Zoom.<br \/>\nLas Informaci\u00f3nes pr\u00e1cticas estar\u00e1n disponibles pr\u00f3ximamente en la p\u00e1gina del sitio web dedicada a las Asambleas Generales. Por favor, consulte el sitio web y nuestras redes sociales con frecuencia.<\/p>\n","protected":false},"excerpt":{"rendered":"<p>La Asamblea General de 2022 se celebrar\u00e1 en una fecha un poco retrasada, el 14 de enero de 2023, a las 15 horas (hora de Par\u00eds). Se presentar\u00e1n los informes de las numerosas e importantes actividades del CECA durante el presente a\u00f1o. Se celebrar\u00e1 en l\u00ednea, en la plataforma Zoom. Los miembros del CECA recibir\u00e1n [&hellip;]<\/p>\n","protected":false},"author":31,"featured_media":9746,"comment_status":"open","ping_status":"open","sticky":false,"template":"","format":"standard","meta":{"footnotes":""},"categories":[18],"tags":[],"yst_prominent_words":[42,318,277,591,507,289,286,819,291,1996,320,983,1721,313],"acf":[],"_links":{"self":[{"href":"https:\/\/ceca.mini.icom.museum\/es\/wp-json\/wp\/v2\/posts\/9759"}],"collection":[{"href":"https:\/\/ceca.mini.icom.museum\/es\/wp-json\/wp\/v2\/posts"}],"about":[{"href":"https:\/\/ceca.mini.icom.museum\/es\/wp-json\/wp\/v2\/types\/post"}],"author":[{"embeddable":true,"href":"https:\/\/ceca.mini.icom.museum\/es\/wp-json\/wp\/v2\/users\/31"}],"replies":[{"embeddable":true,"href":"https:\/\/ceca.mini.icom.museum\/es\/wp-json\/wp\/v2\/comments?post=9759"}],"version-history":[{"count":2,"href":"https:\/\/ceca.mini.icom.museum\/es\/wp-json\/wp\/v2\/posts\/9759\/revisions"}],"predecessor-version":[{"id":9761,"href":"https:\/\/ceca.mini.icom.museum\/es\/wp-json\/wp\/v2\/posts\/9759\/revisions\/9761"}],"wp:featuredmedia":[{"embeddable":true,"href":"https:\/\/ceca.mini.icom.museum\/es\/wp-json\/wp\/v2\/media\/9746"}],"wp:attachment":[{"href":"https:\/\/ceca.mini.icom.museum\/es\/wp-json\/wp\/v2\/media?parent=9759"}],"wp:term":[{"taxonomy":"category","embeddable":true,"href":"https:\/\/ceca.mini.icom.museum\/es\/wp-json\/wp\/v2\/categories?post=9759"},{"taxonomy":"post_tag","embeddable":true,"href":"https:\/\/ceca.mini.icom.museum\/es\/wp-json\/wp\/v2\/tags?post=9759"},{"taxonomy":"yst_prominent_words","embeddable":true,"href":"https:\/\/ceca.mini.icom.museum\/es\/wp-json\/wp\/v2\/yst_prominent_words?post=9759"}],"curies":[{"name":"wp","href":"https:\/\/api.w.org\/{rel}","templated":true}]}}