{"id":9924,"date":"2023-01-11T15:02:30","date_gmt":"2023-01-11T15:02:30","guid":{"rendered":"https:\/\/ceca.mini.icom.museum\/?p=9924"},"modified":"2023-01-11T15:04:20","modified_gmt":"2023-01-11T15:04:20","slug":"asamblea-general-del-ceca-2022-2023","status":"publish","type":"post","link":"https:\/\/ceca.mini.icom.museum\/es\/asamblea-general-del-ceca-2022-2023\/","title":{"rendered":"Asamblea General del CECA 2022-2023"},"content":{"rendered":"<h4><strong>Videoconferencia en Zoom el s\u00e1bado 14 de enero a las 15.00 horas.<\/strong><\/h4>\n<p><strong>El enlace de participaci\u00f3n se envi\u00f3 en el \u00faltimo bolet\u00edn.<\/strong><\/p>\n<p>Si no lo ha recibido, p\u00f3ngase en contacto con Julie Rose, coordinadora de log\u00edstica: ceca.ag2023[at]gmail.com<\/p>\n<p>&nbsp;<\/p>\n","protected":false},"excerpt":{"rendered":"<p>Videoconferencia en Zoom el s\u00e1bado 14 de enero a las 15.00 horas. El enlace de participaci\u00f3n se envi\u00f3 en el \u00faltimo bolet\u00edn. Si no lo ha recibido, p\u00f3ngase en contacto con Julie Rose, coordinadora de log\u00edstica: ceca.ag2023[at]gmail.com &nbsp;<\/p>\n","protected":false},"author":31,"featured_media":9923,"comment_status":"open","ping_status":"open","sticky":false,"template":"","format":"standard","meta":{"footnotes":""},"categories":[18],"tags":[],"yst_prominent_words":[277,289,286],"acf":[],"_links":{"self":[{"href":"https:\/\/ceca.mini.icom.museum\/es\/wp-json\/wp\/v2\/posts\/9924"}],"collection":[{"href":"https:\/\/ceca.mini.icom.museum\/es\/wp-json\/wp\/v2\/posts"}],"about":[{"href":"https:\/\/ceca.mini.icom.museum\/es\/wp-json\/wp\/v2\/types\/post"}],"author":[{"embeddable":true,"href":"https:\/\/ceca.mini.icom.museum\/es\/wp-json\/wp\/v2\/users\/31"}],"replies":[{"embeddable":true,"href":"https:\/\/ceca.mini.icom.museum\/es\/wp-json\/wp\/v2\/comments?post=9924"}],"version-history":[{"count":6,"href":"https:\/\/ceca.mini.icom.museum\/es\/wp-json\/wp\/v2\/posts\/9924\/revisions"}],"predecessor-version":[{"id":9930,"href":"https:\/\/ceca.mini.icom.museum\/es\/wp-json\/wp\/v2\/posts\/9924\/revisions\/9930"}],"wp:featuredmedia":[{"embeddable":true,"href":"https:\/\/ceca.mini.icom.museum\/es\/wp-json\/wp\/v2\/media\/9923"}],"wp:attachment":[{"href":"https:\/\/ceca.mini.icom.museum\/es\/wp-json\/wp\/v2\/media?parent=9924"}],"wp:term":[{"taxonomy":"category","embeddable":true,"href":"https:\/\/ceca.mini.icom.museum\/es\/wp-json\/wp\/v2\/categories?post=9924"},{"taxonomy":"post_tag","embeddable":true,"href":"https:\/\/ceca.mini.icom.museum\/es\/wp-json\/wp\/v2\/tags?post=9924"},{"taxonomy":"yst_prominent_words","embeddable":true,"href":"https:\/\/ceca.mini.icom.museum\/es\/wp-json\/wp\/v2\/yst_prominent_words?post=9924"}],"curies":[{"name":"wp","href":"https:\/\/api.w.org\/{rel}","templated":true}]}}