{"id":10022,"date":"2023-02-09T23:04:37","date_gmt":"2023-02-09T23:04:37","guid":{"rendered":"https:\/\/ceca.mini.icom.museum\/?p=10022"},"modified":"2023-02-10T17:26:50","modified_gmt":"2023-02-10T17:26:50","slug":"recherche-appliquee-en-education-museale","status":"publish","type":"post","link":"https:\/\/ceca.mini.icom.museum\/fr\/recherche-appliquee-en-education-museale\/","title":{"rendered":"Recherche appliqu\u00e9e en \u00e9ducation mus\u00e9ale"},"content":{"rendered":"<p align=\"CENTER\"><img decoding=\"async\" loading=\"lazy\" class=\"alignnone wp-image-10008 size-full\" src=\"https:\/\/ceca.mini.icom.museum\/wp-content\/uploads\/sites\/5\/2023\/02\/Montage-presentation-murcia-Rosa-700R-1.jpg\" alt=\"\" width=\"700\" height=\"200\" srcset=\"https:\/\/ceca.mini.icom.museum\/wp-content\/uploads\/sites\/5\/2023\/02\/Montage-presentation-murcia-Rosa-700R-1.jpg 700w, https:\/\/ceca.mini.icom.museum\/wp-content\/uploads\/sites\/5\/2023\/02\/Montage-presentation-murcia-Rosa-700R-1-300x86.jpg 300w\" sizes=\"(max-width: 700px) 100vw, 700px\" \/><\/p>\n<h4 align=\"CENTER\"><strong>Cours sur la recherche appliqu\u00e9e en \u00e9ducation mus\u00e9ale 2023<\/strong><\/h4>\n<h4><strong>\u25ba \u25ba Description du cours (en espagnol) &lt;<a href=\"https:\/\/ceca.mini.icom.museum\/wp-content\/uploads\/sites\/5\/2023\/02\/WeB-CECA-Curso-de-Formacio\u0301n-en-Investigacio\u0301n-aplicada-a-la-Educacio\u0301n-en-Museos.pdf\" target=\"_blank\" rel=\"noopener\">ici<\/a>&gt;<\/strong><\/h4>\n<p>La formation se d\u00e9roule exclusivement en espagnol et est destin\u00e9e aux membres du CECA d\u2019Am\u00e9rique Latine et des Cara\u00eebes. Pour plus d\u2019information se rapporter sur ce site \u00e0 la page espagnole de l&#8217;actualit\u00e9 d\u00e9di\u00e9e<strong>.<\/strong><\/p>\n<p style=\"text-align: center\"><img decoding=\"async\" loading=\"lazy\" class=\"aligncenter wp-image-10020 size-full\" src=\"https:\/\/ceca.mini.icom.museum\/wp-content\/uploads\/sites\/5\/2023\/02\/bandeau-etudiants-murcia-bb1-colore-news-700R.jpg\" alt=\"\" width=\"700\" height=\"155\" srcset=\"https:\/\/ceca.mini.icom.museum\/wp-content\/uploads\/sites\/5\/2023\/02\/bandeau-etudiants-murcia-bb1-colore-news-700R.jpg 700w, https:\/\/ceca.mini.icom.museum\/wp-content\/uploads\/sites\/5\/2023\/02\/bandeau-etudiants-murcia-bb1-colore-news-700R-300x66.jpg 300w\" sizes=\"(max-width: 700px) 100vw, 700px\" \/><\/p>\n","protected":false},"excerpt":{"rendered":"<p>Cours sur la recherche appliqu\u00e9e en \u00e9ducation mus\u00e9ale 2023 \u25ba \u25ba Description du cours (en espagnol) &lt;ici&gt; La formation se d\u00e9roule exclusivement en espagnol et est destin\u00e9e aux membres du CECA d\u2019Am\u00e9rique Latine et des Cara\u00eebes. Pour plus d\u2019information se rapporter sur ce site \u00e0 la page espagnole de l&#8217;actualit\u00e9 d\u00e9di\u00e9e.<\/p>\n","protected":false},"author":31,"featured_media":10016,"comment_status":"open","ping_status":"open","sticky":false,"template":"","format":"standard","meta":{"footnotes":""},"categories":[17],"tags":[],"yst_prominent_words":[389,286,615,308,2131,291,983],"acf":[],"_links":{"self":[{"href":"https:\/\/ceca.mini.icom.museum\/fr\/wp-json\/wp\/v2\/posts\/10022"}],"collection":[{"href":"https:\/\/ceca.mini.icom.museum\/fr\/wp-json\/wp\/v2\/posts"}],"about":[{"href":"https:\/\/ceca.mini.icom.museum\/fr\/wp-json\/wp\/v2\/types\/post"}],"author":[{"embeddable":true,"href":"https:\/\/ceca.mini.icom.museum\/fr\/wp-json\/wp\/v2\/users\/31"}],"replies":[{"embeddable":true,"href":"https:\/\/ceca.mini.icom.museum\/fr\/wp-json\/wp\/v2\/comments?post=10022"}],"version-history":[{"count":8,"href":"https:\/\/ceca.mini.icom.museum\/fr\/wp-json\/wp\/v2\/posts\/10022\/revisions"}],"predecessor-version":[{"id":10044,"href":"https:\/\/ceca.mini.icom.museum\/fr\/wp-json\/wp\/v2\/posts\/10022\/revisions\/10044"}],"wp:featuredmedia":[{"embeddable":true,"href":"https:\/\/ceca.mini.icom.museum\/fr\/wp-json\/wp\/v2\/media\/10016"}],"wp:attachment":[{"href":"https:\/\/ceca.mini.icom.museum\/fr\/wp-json\/wp\/v2\/media?parent=10022"}],"wp:term":[{"taxonomy":"category","embeddable":true,"href":"https:\/\/ceca.mini.icom.museum\/fr\/wp-json\/wp\/v2\/categories?post=10022"},{"taxonomy":"post_tag","embeddable":true,"href":"https:\/\/ceca.mini.icom.museum\/fr\/wp-json\/wp\/v2\/tags?post=10022"},{"taxonomy":"yst_prominent_words","embeddable":true,"href":"https:\/\/ceca.mini.icom.museum\/fr\/wp-json\/wp\/v2\/yst_prominent_words?post=10022"}],"curies":[{"name":"wp","href":"https:\/\/api.w.org\/{rel}","templated":true}]}}