{"id":10982,"date":"2023-12-06T16:04:35","date_gmt":"2023-12-06T16:04:35","guid":{"rendered":"https:\/\/ceca.mini.icom.museum\/?p=10982"},"modified":"2024-02-28T15:48:17","modified_gmt":"2024-02-28T15:48:17","slug":"album-photo-conference-singapour-2023-article","status":"publish","type":"post","link":"https:\/\/ceca.mini.icom.museum\/fr\/album-photo-conference-singapour-2023-article\/","title":{"rendered":"Album photo Conf\u00e9rence Singapour 2023"},"content":{"rendered":"<p><strong>\u25ba \u25ba Accedez &lt;<a href=\"https:\/\/photos.app.goo.gl\/kVbdjBMz9H6BztFYA\" target=\"_blank\" rel=\"noopener\">par ce lien<\/a>&gt;\u00a0 \u00e0 l&#8217;album photo<\/strong> souvenir des temps forts de la conf\u00e9rence annuelle 2023 de Singapour. test<\/p>\n<p>Toutes les photos de l&#8217;album sont cliquables pour \u00eatre agrandies. Pour retourner \u00e0 la vue g\u00e9n\u00e9rale de l&#8217;album, cliquez sur la petite fl\u00e8che blanche en haut \u00e0 gauche.<\/p>\n<p><strong>Photos reproduites avec l&#8217;aimable autorisation<\/strong> du NHB, Asmah ALIAS, Rosa Mar\u00eda HERVAS AVILES, Wencke MADERBACHER.<br \/>\nConception et mise en forme Marie-Fran\u00e7oise DELVAL.<\/p>\n<p>&nbsp;<\/p>\n<p><img decoding=\"async\" loading=\"lazy\" class=\"aligncenter wp-image-10976\" src=\"https:\/\/ceca.mini.icom.museum\/wp-content\/uploads\/sites\/5\/2023\/12\/cartel-photographes-monteurs-03-300x106.jpg\" alt=\"\" width=\"600\" height=\"212\" srcset=\"https:\/\/ceca.mini.icom.museum\/wp-content\/uploads\/sites\/5\/2023\/12\/cartel-photographes-monteurs-03-300x106.jpg 300w, https:\/\/ceca.mini.icom.museum\/wp-content\/uploads\/sites\/5\/2023\/12\/cartel-photographes-monteurs-03-1024x361.jpg 1024w, https:\/\/ceca.mini.icom.museum\/wp-content\/uploads\/sites\/5\/2023\/12\/cartel-photographes-monteurs-03-768x271.jpg 768w, https:\/\/ceca.mini.icom.museum\/wp-content\/uploads\/sites\/5\/2023\/12\/cartel-photographes-monteurs-03-1536x541.jpg 1536w, https:\/\/ceca.mini.icom.museum\/wp-content\/uploads\/sites\/5\/2023\/12\/cartel-photographes-monteurs-03.jpg 1892w\" sizes=\"(max-width: 600px) 100vw, 600px\" \/><\/p>\n<p>&nbsp;<\/p>\n<p>&nbsp;<\/p>\n<p>&nbsp;<\/p>\n<p>&nbsp;<\/p>\n<p>&nbsp;<\/p>\n<p>&nbsp;<\/p>\n<p>&nbsp;<\/p>\n<p>&nbsp;<\/p>\n<p>&nbsp;<\/p>\n<p>&nbsp;<\/p>\n","protected":false},"excerpt":{"rendered":"<p>\u25ba \u25ba Accedez &lt;par ce lien&gt;\u00a0 \u00e0 l&#8217;album photo souvenir des temps forts de la conf\u00e9rence annuelle 2023 de Singapour. test Toutes les photos de l&#8217;album sont cliquables pour \u00eatre agrandies. Pour retourner \u00e0 la vue g\u00e9n\u00e9rale de l&#8217;album, cliquez sur la petite fl\u00e8che blanche en haut \u00e0 gauche. Photos reproduites avec l&#8217;aimable autorisation du [&hellip;]<\/p>\n","protected":false},"author":31,"featured_media":10965,"comment_status":"open","ping_status":"open","sticky":false,"template":"","format":"standard","meta":{"footnotes":""},"categories":[17],"tags":[],"yst_prominent_words":[277,286,291,3059,312],"acf":[],"_links":{"self":[{"href":"https:\/\/ceca.mini.icom.museum\/fr\/wp-json\/wp\/v2\/posts\/10982"}],"collection":[{"href":"https:\/\/ceca.mini.icom.museum\/fr\/wp-json\/wp\/v2\/posts"}],"about":[{"href":"https:\/\/ceca.mini.icom.museum\/fr\/wp-json\/wp\/v2\/types\/post"}],"author":[{"embeddable":true,"href":"https:\/\/ceca.mini.icom.museum\/fr\/wp-json\/wp\/v2\/users\/31"}],"replies":[{"embeddable":true,"href":"https:\/\/ceca.mini.icom.museum\/fr\/wp-json\/wp\/v2\/comments?post=10982"}],"version-history":[{"count":17,"href":"https:\/\/ceca.mini.icom.museum\/fr\/wp-json\/wp\/v2\/posts\/10982\/revisions"}],"predecessor-version":[{"id":11466,"href":"https:\/\/ceca.mini.icom.museum\/fr\/wp-json\/wp\/v2\/posts\/10982\/revisions\/11466"}],"wp:featuredmedia":[{"embeddable":true,"href":"https:\/\/ceca.mini.icom.museum\/fr\/wp-json\/wp\/v2\/media\/10965"}],"wp:attachment":[{"href":"https:\/\/ceca.mini.icom.museum\/fr\/wp-json\/wp\/v2\/media?parent=10982"}],"wp:term":[{"taxonomy":"category","embeddable":true,"href":"https:\/\/ceca.mini.icom.museum\/fr\/wp-json\/wp\/v2\/categories?post=10982"},{"taxonomy":"post_tag","embeddable":true,"href":"https:\/\/ceca.mini.icom.museum\/fr\/wp-json\/wp\/v2\/tags?post=10982"},{"taxonomy":"yst_prominent_words","embeddable":true,"href":"https:\/\/ceca.mini.icom.museum\/fr\/wp-json\/wp\/v2\/yst_prominent_words?post=10982"}],"curies":[{"name":"wp","href":"https:\/\/api.w.org\/{rel}","templated":true}]}}