{"id":11428,"date":"2024-02-19T08:54:43","date_gmt":"2024-02-19T08:54:43","guid":{"rendered":"https:\/\/ceca.mini.icom.museum\/?p=11428"},"modified":"2024-02-19T09:57:11","modified_gmt":"2024-02-19T09:57:11","slug":"nouvel-acronyme-ceca","status":"publish","type":"post","link":"https:\/\/ceca.mini.icom.museum\/fr\/nouvel-acronyme-ceca\/","title":{"rendered":"Nouvel Acronyme CECA"},"content":{"rendered":"<p><strong>Pour am\u00e9liorer sa visibilit\u00e9, l&#8217;ICOM lance une campagne en 2024 pour repenser les acronymes utilis\u00e9s pour identifier ses comit\u00e9s internationaux.<\/strong><br \/>\nSi certains acronymes sont facilement compr\u00e9hensibles par les personnes ext\u00e9rieures \u00e0 l&#8217;ICOM, d&#8217;autres sont tr\u00e8s obscurs.<\/p>\n<p>L\u2019acronyme CECA est obscur pour les non-initi\u00e9s . De plus, le travail de recherche entrepris par certains d&#8217;entre nous sur le terme d&#8217;action culturelle a montr\u00e9 son manque relatif de pertinence contemporaine.<\/p>\n<p>Pour ces deux raisons, <strong>nous vous invitons \u00e0 participer \u00e0 une enqu\u00eate<\/strong> destin\u00e9e \u00e0 impliquer les membres du CECA dans ce processus de r\u00e9flexion.<br \/>\nL&#8217;ICOM n&#8217;oblige pas les comit\u00e9s internationaux \u00e0 changer. Pr\u00e9f\u00e9rez-vous le statu quo ou l&#8217;\u00e9volution ?<\/p>\n<p><strong><span lang=\"fr-FR\">\u25ba\u25ba<\/span> Cliquez &lt;<a href=\"https:\/\/docs.google.com\/forms\/d\/e\/1FAIpQLSeW6xqNYUGzMhRJ-CQVmuri2ZHrc95GygQinBnKFbjTEAEcNA\/viewform?fbzx=-7117682388453452560\" target=\"_blank\" rel=\"noopener\">ICI<\/a>&gt; pour acc\u00e9der aux informations et au formulaire<\/strong><\/p>\n<p>&nbsp;<\/p>\n<p>&nbsp;<\/p>\n<p>&nbsp;<\/p>\n","protected":false},"excerpt":{"rendered":"<p>Pour am\u00e9liorer sa visibilit\u00e9, l&#8217;ICOM lance une campagne en 2024 pour repenser les acronymes utilis\u00e9s pour identifier ses comit\u00e9s internationaux. Si certains acronymes sont facilement compr\u00e9hensibles par les personnes ext\u00e9rieures \u00e0 l&#8217;ICOM, d&#8217;autres sont tr\u00e8s obscurs. L\u2019acronyme CECA est obscur pour les non-initi\u00e9s . De plus, le travail de recherche entrepris par certains d&#8217;entre nous [&hellip;]<\/p>\n","protected":false},"author":31,"featured_media":11441,"comment_status":"open","ping_status":"open","sticky":false,"template":"","format":"standard","meta":{"footnotes":""},"categories":[17],"tags":[],"yst_prominent_words":[42,1339,545,277,1354,395,711,1341,708,312,2030,394],"acf":[],"_links":{"self":[{"href":"https:\/\/ceca.mini.icom.museum\/fr\/wp-json\/wp\/v2\/posts\/11428"}],"collection":[{"href":"https:\/\/ceca.mini.icom.museum\/fr\/wp-json\/wp\/v2\/posts"}],"about":[{"href":"https:\/\/ceca.mini.icom.museum\/fr\/wp-json\/wp\/v2\/types\/post"}],"author":[{"embeddable":true,"href":"https:\/\/ceca.mini.icom.museum\/fr\/wp-json\/wp\/v2\/users\/31"}],"replies":[{"embeddable":true,"href":"https:\/\/ceca.mini.icom.museum\/fr\/wp-json\/wp\/v2\/comments?post=11428"}],"version-history":[{"count":3,"href":"https:\/\/ceca.mini.icom.museum\/fr\/wp-json\/wp\/v2\/posts\/11428\/revisions"}],"predecessor-version":[{"id":11444,"href":"https:\/\/ceca.mini.icom.museum\/fr\/wp-json\/wp\/v2\/posts\/11428\/revisions\/11444"}],"wp:featuredmedia":[{"embeddable":true,"href":"https:\/\/ceca.mini.icom.museum\/fr\/wp-json\/wp\/v2\/media\/11441"}],"wp:attachment":[{"href":"https:\/\/ceca.mini.icom.museum\/fr\/wp-json\/wp\/v2\/media?parent=11428"}],"wp:term":[{"taxonomy":"category","embeddable":true,"href":"https:\/\/ceca.mini.icom.museum\/fr\/wp-json\/wp\/v2\/categories?post=11428"},{"taxonomy":"post_tag","embeddable":true,"href":"https:\/\/ceca.mini.icom.museum\/fr\/wp-json\/wp\/v2\/tags?post=11428"},{"taxonomy":"yst_prominent_words","embeddable":true,"href":"https:\/\/ceca.mini.icom.museum\/fr\/wp-json\/wp\/v2\/yst_prominent_words?post=11428"}],"curies":[{"name":"wp","href":"https:\/\/api.w.org\/{rel}","templated":true}]}}