{"id":11702,"date":"2024-03-26T21:34:02","date_gmt":"2024-03-26T21:34:02","guid":{"rendered":"https:\/\/ceca.mini.icom.museum\/?p=11702"},"modified":"2024-03-26T22:09:43","modified_gmt":"2024-03-26T22:09:43","slug":"15eme-reunion-nationale-icom-ceca-argentine-ceca-icomarg","status":"publish","type":"post","link":"https:\/\/ceca.mini.icom.museum\/fr\/15eme-reunion-nationale-icom-ceca-argentine-ceca-icomarg\/","title":{"rendered":"15\u00e8me r\u00e9union nationale ICOM-CECA Argentine Ceca Icomarg"},"content":{"rendered":"<p><strong>La 15\u00e8me r\u00e9union nationale ICOM-CECA Argentine Ceca Icomarg<\/strong>, et la 10\u00e8me r\u00e9union nationale pour la formation des \u00e9ducateurs de mus\u00e9e.<br \/>\nElles se tiendront au <strong>Museo Nacional De Bellas Artes De Neuquen du 26 au 28 septembre<\/strong>.<\/p>\n<p>Cette ann\u00e9e, le th\u00e8me &#8220;\u00c9ducation et recherche : la v\u00e9ritable transformation des mus\u00e9es&#8221;, rejoint celui de la Journ\u00e9e internationale des mus\u00e9es du Conseil international des mus\u00e9es &#8211; ICOM.<\/p>\n<p>Diff\u00e9rentes lignes th\u00e9matiques et modalit\u00e9s de pr\u00e9sentation nous accompagneront pour que vous puissiez vous joindre \u00e0 nous.<br \/>\nCi-attach\u00e9, la premi\u00e8re communication &lt;<strong><a href=\"https:\/\/ceca.mini.icom.museum\/wp-content\/uploads\/sites\/5\/2024\/03\/Primera-Comunicacion-CECA-Argentina-en-Neuquen-2024.pdf\" target=\"_blank\" rel=\"noopener\">ici<\/a><\/strong>&gt;<\/p>\n<p><strong>Public cible :<\/strong><\/p>\n<ul>\n<li>Membres des espaces \u00e9ducatifs des mus\u00e9es,<\/li>\n<li>Professionnels de diff\u00e9rents domaines mus\u00e9aux,<\/li>\n<li>Chercheurs, universitaires, enseignants et \u00e9tudiants dans le domaine de la mus\u00e9ographie et de la mus\u00e9ologie,<\/li>\n<li>Les professionnels du tourisme et les guides qui travaillent avec les mus\u00e9es.<\/li>\n<\/ul>\n<p><strong>Formulaire d&#8217;inscription<\/strong> : <a href=\"https:\/\/forms.gle\/y2af69tS8rpuG42y9\" target=\"_blank\" rel=\"noopener\">https:\/\/forms.gle\/y2af69tS8rpuG42y9<\/a><\/p>\n<p>Le comit\u00e9 d&#8217;organisation est compos\u00e9 de : Giselle Calamita, Amadeo Laurin, Silvana M. Lovay, Alicia Martin, Natalia Michelini.<\/p>\n<p><strong>Pour plus d&#8217;informations, veuillez \u00e9crire \u00e0<\/strong> :<br \/>\n\ud83d\udc49argentinaceca[at]gmail.com<br \/>\n\ud83d\udc49mnbaneuquen[at]muninqn.gov.ar<\/p>\n<p><strong>Cette r\u00e9union est gratuite.<br \/>\n<\/strong>Nous nous r\u00e9jouissons de vous voir tous !<br \/>\n#Noussommes #R\u00e9seauAffectif<\/p>\n<p><img decoding=\"async\" loading=\"lazy\" class=\"aligncenter wp-image-11683\" src=\"https:\/\/ceca.mini.icom.museum\/wp-content\/uploads\/sites\/5\/2024\/03\/montage-x-4-MNBA-1000px-300x44.jpg\" alt=\"\" width=\"700\" height=\"102\" srcset=\"https:\/\/ceca.mini.icom.museum\/wp-content\/uploads\/sites\/5\/2024\/03\/montage-x-4-MNBA-1000px-300x44.jpg 300w, https:\/\/ceca.mini.icom.museum\/wp-content\/uploads\/sites\/5\/2024\/03\/montage-x-4-MNBA-1000px-768x112.jpg 768w, https:\/\/ceca.mini.icom.museum\/wp-content\/uploads\/sites\/5\/2024\/03\/montage-x-4-MNBA-1000px.jpg 1000w\" sizes=\"(max-width: 700px) 100vw, 700px\" \/><\/p>\n<p><img decoding=\"async\" loading=\"lazy\" class=\"aligncenter wp-image-11687\" src=\"https:\/\/ceca.mini.icom.museum\/wp-content\/uploads\/sites\/5\/2024\/03\/montage-x-5-MNBA-700px-300x69.jpg\" alt=\"\" width=\"700\" height=\"162\" srcset=\"https:\/\/ceca.mini.icom.museum\/wp-content\/uploads\/sites\/5\/2024\/03\/montage-x-5-MNBA-700px-300x69.jpg 300w, https:\/\/ceca.mini.icom.museum\/wp-content\/uploads\/sites\/5\/2024\/03\/montage-x-5-MNBA-700px.jpg 700w\" sizes=\"(max-width: 700px) 100vw, 700px\" \/><\/p>\n","protected":false},"excerpt":{"rendered":"<p>La 15\u00e8me r\u00e9union nationale ICOM-CECA Argentine Ceca Icomarg, et la 10\u00e8me r\u00e9union nationale pour la formation des \u00e9ducateurs de mus\u00e9e. Elles se tiendront au Museo Nacional De Bellas Artes De Neuquen du 26 au 28 septembre. Cette ann\u00e9e, le th\u00e8me &#8220;\u00c9ducation et recherche : la v\u00e9ritable transformation des mus\u00e9es&#8221;, rejoint celui de la Journ\u00e9e internationale [&hellip;]<\/p>\n","protected":false},"author":31,"featured_media":11679,"comment_status":"open","ping_status":"open","sticky":false,"template":"","format":"standard","meta":{"footnotes":""},"categories":[17],"tags":[],"yst_prominent_words":[1010,2799,277,91,614,111,389,314,308,291,395,711,2358,1341,312,1337],"acf":[],"_links":{"self":[{"href":"https:\/\/ceca.mini.icom.museum\/fr\/wp-json\/wp\/v2\/posts\/11702"}],"collection":[{"href":"https:\/\/ceca.mini.icom.museum\/fr\/wp-json\/wp\/v2\/posts"}],"about":[{"href":"https:\/\/ceca.mini.icom.museum\/fr\/wp-json\/wp\/v2\/types\/post"}],"author":[{"embeddable":true,"href":"https:\/\/ceca.mini.icom.museum\/fr\/wp-json\/wp\/v2\/users\/31"}],"replies":[{"embeddable":true,"href":"https:\/\/ceca.mini.icom.museum\/fr\/wp-json\/wp\/v2\/comments?post=11702"}],"version-history":[{"count":9,"href":"https:\/\/ceca.mini.icom.museum\/fr\/wp-json\/wp\/v2\/posts\/11702\/revisions"}],"predecessor-version":[{"id":11720,"href":"https:\/\/ceca.mini.icom.museum\/fr\/wp-json\/wp\/v2\/posts\/11702\/revisions\/11720"}],"wp:featuredmedia":[{"embeddable":true,"href":"https:\/\/ceca.mini.icom.museum\/fr\/wp-json\/wp\/v2\/media\/11679"}],"wp:attachment":[{"href":"https:\/\/ceca.mini.icom.museum\/fr\/wp-json\/wp\/v2\/media?parent=11702"}],"wp:term":[{"taxonomy":"category","embeddable":true,"href":"https:\/\/ceca.mini.icom.museum\/fr\/wp-json\/wp\/v2\/categories?post=11702"},{"taxonomy":"post_tag","embeddable":true,"href":"https:\/\/ceca.mini.icom.museum\/fr\/wp-json\/wp\/v2\/tags?post=11702"},{"taxonomy":"yst_prominent_words","embeddable":true,"href":"https:\/\/ceca.mini.icom.museum\/fr\/wp-json\/wp\/v2\/yst_prominent_words?post=11702"}],"curies":[{"name":"wp","href":"https:\/\/api.w.org\/{rel}","templated":true}]}}