{"id":11926,"date":"2024-09-22T18:56:42","date_gmt":"2024-09-22T18:56:42","guid":{"rendered":"https:\/\/ceca.mini.icom.museum\/?p=11926"},"modified":"2024-09-22T19:03:38","modified_gmt":"2024-09-22T19:03:38","slug":"durabilite-sociale-durabilite-naturelle-lurgence-de-leducation","status":"publish","type":"post","link":"https:\/\/ceca.mini.icom.museum\/fr\/durabilite-sociale-durabilite-naturelle-lurgence-de-leducation\/","title":{"rendered":"Durabilit\u00e9 sociale, durabilit\u00e9 naturelle : l&#8217;urgence de l&#8217;\u00e9ducation"},"content":{"rendered":"<p style=\"text-align: center\"><strong>En collaboration avec<\/strong><br \/>\nICOM NATHIST, ICOM France, Mus\u00e9e des civilisations de C\u00f4te d&#8217;Ivoire,<\/p>\n<p style=\"text-align: center\"><strong>Avec le soutien de<\/strong><br \/>\nAlliance r\u00e9gionale africaine de l&#8217;ICOM, Comit\u00e9s nationaux de l&#8217;ICOM du Burkina Faso, de la C\u00f4te d&#8217;Ivoire, du B\u00e9nin, du Mali,<br \/>\nComit\u00e9s nationaux de l&#8217;ICOM de Gr\u00e8ce, d&#8217;Espagne, d&#8217;Argentine,<br \/>\nBureau r\u00e9gional de l&#8217;UNESCO pour l&#8217;Afrique australe,<br \/>\nMus\u00e9e de l&#8217;Eau du Burkina Faso.<\/p>\n<p style=\"text-align: center\"><strong>Durabilit\u00e9 sociale, durabilit\u00e9 naturelle : l&#8217;urgence de l&#8217;\u00e9ducation<\/strong><br \/>\nAbidjan, C\u00f4te d&#8217;Ivoire, 23\/28 novembre 2024<\/p>\n<p>L&#8217;un des moyens traditionnels d&#8217;associer les visiteurs \u00e0 la vie des mus\u00e9es est de proposer \u00e0 des publics vari\u00e9s, habituels ou \u00e9loign\u00e9s, des programmes \u00e9ducatifs et culturels susceptibles de les attirer et de mettre les richesses du mus\u00e9e au service des besoins de la soci\u00e9t\u00e9.<\/p>\n<p>Depuis plus de dix ans, l&#8217;ICOM CECA utilise et am\u00e9liore un outil destin\u00e9 \u00e0 soutenir les concepteurs professionnels de ces programmes, en approfondissant leur r\u00e9flexion sur les nombreux aspects scientifiques, sociaux, mat\u00e9riels et financiers impliqu\u00e9s dans la mise en \u0153uvre de cette offre.<\/p>\n<p>L&#8217;atelier propos\u00e9 en Afrique de l&#8217;Ouest francophone visera \u00e0 d\u00e9velopper les comp\u00e9tences p\u00e9dagogiques des professionnels des mus\u00e9es autour de la mise en \u0153uvre des programmes, et ce avec deux intentions plus sp\u00e9cifiques : traiter du patrimoine mat\u00e9riel et naturel, et travailler plus particuli\u00e8rement en direction des communaut\u00e9s dans une approche inclusive.<\/p>\n<p>La pr\u00e9sence de repr\u00e9sentants du CECA dans la r\u00e9gion lors de l&#8217;atelier devrait contribuer \u00e0 la diffusion des comp\u00e9tences et \u00e0 une plus grande participation des professionnels africains au concours international annuel \u00ab Best Practice Award \u00bb, qui recueille chaque ann\u00e9e de nombreuses propositions et r\u00e9compense et publie les meilleurs programmes.<\/p>\n<p>&nbsp;<\/p>\n<p>&nbsp;<\/p>\n","protected":false},"excerpt":{"rendered":"<p>En collaboration avec ICOM NATHIST, ICOM France, Mus\u00e9e des civilisations de C\u00f4te d&#8217;Ivoire, Avec le soutien de Alliance r\u00e9gionale africaine de l&#8217;ICOM, Comit\u00e9s nationaux de l&#8217;ICOM du Burkina Faso, de la C\u00f4te d&#8217;Ivoire, du B\u00e9nin, du Mali, Comit\u00e9s nationaux de l&#8217;ICOM de Gr\u00e8ce, d&#8217;Espagne, d&#8217;Argentine, Bureau r\u00e9gional de l&#8217;UNESCO pour l&#8217;Afrique australe, Mus\u00e9e de l&#8217;Eau [&hellip;]<\/p>\n","protected":false},"author":31,"featured_media":11923,"comment_status":"open","ping_status":"open","sticky":false,"template":"","format":"standard","meta":{"footnotes":""},"categories":[17],"tags":[],"yst_prominent_words":[622,1348,4098,103,91,111],"acf":[],"_links":{"self":[{"href":"https:\/\/ceca.mini.icom.museum\/fr\/wp-json\/wp\/v2\/posts\/11926"}],"collection":[{"href":"https:\/\/ceca.mini.icom.museum\/fr\/wp-json\/wp\/v2\/posts"}],"about":[{"href":"https:\/\/ceca.mini.icom.museum\/fr\/wp-json\/wp\/v2\/types\/post"}],"author":[{"embeddable":true,"href":"https:\/\/ceca.mini.icom.museum\/fr\/wp-json\/wp\/v2\/users\/31"}],"replies":[{"embeddable":true,"href":"https:\/\/ceca.mini.icom.museum\/fr\/wp-json\/wp\/v2\/comments?post=11926"}],"version-history":[{"count":3,"href":"https:\/\/ceca.mini.icom.museum\/fr\/wp-json\/wp\/v2\/posts\/11926\/revisions"}],"predecessor-version":[{"id":11932,"href":"https:\/\/ceca.mini.icom.museum\/fr\/wp-json\/wp\/v2\/posts\/11926\/revisions\/11932"}],"wp:featuredmedia":[{"embeddable":true,"href":"https:\/\/ceca.mini.icom.museum\/fr\/wp-json\/wp\/v2\/media\/11923"}],"wp:attachment":[{"href":"https:\/\/ceca.mini.icom.museum\/fr\/wp-json\/wp\/v2\/media?parent=11926"}],"wp:term":[{"taxonomy":"category","embeddable":true,"href":"https:\/\/ceca.mini.icom.museum\/fr\/wp-json\/wp\/v2\/categories?post=11926"},{"taxonomy":"post_tag","embeddable":true,"href":"https:\/\/ceca.mini.icom.museum\/fr\/wp-json\/wp\/v2\/tags?post=11926"},{"taxonomy":"yst_prominent_words","embeddable":true,"href":"https:\/\/ceca.mini.icom.museum\/fr\/wp-json\/wp\/v2\/yst_prominent_words?post=11926"}],"curies":[{"name":"wp","href":"https:\/\/api.w.org\/{rel}","templated":true}]}}