{"id":11938,"date":"2024-09-24T22:47:14","date_gmt":"2024-09-24T22:47:14","guid":{"rendered":"https:\/\/ceca.mini.icom.museum\/?p=11938"},"modified":"2024-09-24T23:02:41","modified_gmt":"2024-09-24T23:02:41","slug":"best-practice-n-12-2024","status":"publish","type":"post","link":"https:\/\/ceca.mini.icom.museum\/fr\/best-practice-n-12-2024\/","title":{"rendered":"BEST PRACTICE n\u00b012 &#8211; 2024"},"content":{"rendered":"<p><strong>Un outil pour am\u00e9liorer l&#8217;\u00e9ducation mus\u00e9ale au niveau international.<\/strong><br \/>\n<strong>Sous la direction de Margarita Laraign\u00e9e<\/strong><\/p>\n<p>Prologue<br \/>\nMarie Clart\u00e9 O\u2019Neill, Pr\u00e9sidente du CECA<\/p>\n<p>Voici r\u00e9unies, une nouvelle fois, les contributions reconnues de la comp\u00e9tition Best Practice du CECA. Une fois de plus on peut constater la diversit\u00e9 en origine et en th\u00e9matiques des programmes propos\u00e9s au jury. La p\u00e9rennit\u00e9 de ce projet maintenant ancien montre que les crit\u00e8res identifi\u00e9s restent pertinents dans toutes sortes de situations mus\u00e9ales, aussi diverses soient elles. Ces m\u00eames crit\u00e8res sont \u00e9galement utilis\u00e9s et d\u00e9velopp\u00e9s dans de multiples autres activit\u00e9s du CECA. Les laur\u00e9ats sont recommand\u00e9s pour intervenir dans diverses conf\u00e9rences \u00e0 travers le monde (en 2024, l\u2019Iran et l\u2019Afrique du Sud ont choisi de faire intervenir des concepteurs de projets Best Practice correspondant \u00e0 leurs probl\u00e9matiques). Certains points d\u2019importance de la grille d\u2019analyse BP sont d\u00e9velopp\u00e9s dans des ateliers de formation [&#8230;]<\/p>\n<p>Mais le jury a pu observer cette ann\u00e9e et r\u00e9compenser une nouvelle application des principes des Best Practice : l\u2019application des m\u00eames crit\u00e8res \u00e9ducatifs \u00e0 des mises en exposition. Nous assistons l\u00e0 \u00e0 un tournant passionnant de l\u2019\u00e9ducation mus\u00e9ale. En effet, les crit\u00e8res reconnus pour augmenter la qualit\u00e9 des programmes \u00e9ducatifs deviennent des balises pour rendre des expositions plus structur\u00e9es, plus interactives, plus inclusives, plus \u00e9ducatives, donc. Cette constatation, illustr\u00e9e cette ann\u00e9e par&#8230;<br \/>\n&lt;<a href=\"https:\/\/ceca.mini.icom.museum\/wp-content\/uploads\/sites\/5\/2024\/09\/Book-BEST-PRACTICE-12_compressed.pdf\" target=\"_blank\" rel=\"noopener\">t\u00e9l\u00e9charger le BEST PRACTICE n\u00b012<\/a>&gt;<\/p>\n<p>&nbsp;<\/p>\n<p>&nbsp;<\/p>\n","protected":false},"excerpt":{"rendered":"<p>Un outil pour am\u00e9liorer l&#8217;\u00e9ducation mus\u00e9ale au niveau international. Sous la direction de Margarita Laraign\u00e9e Prologue Marie Clart\u00e9 O\u2019Neill, Pr\u00e9sidente du CECA Voici r\u00e9unies, une nouvelle fois, les contributions reconnues de la comp\u00e9tition Best Practice du CECA. Une fois de plus on peut constater la diversit\u00e9 en origine et en th\u00e9matiques des programmes propos\u00e9s au [&hellip;]<\/p>\n","protected":false},"author":31,"featured_media":11949,"comment_status":"open","ping_status":"open","sticky":false,"template":"","format":"standard","meta":{"footnotes":""},"categories":[17],"tags":[],"yst_prominent_words":[225,3172,1470,91,389,487,286,308,1993,291,711,1336,312,1019],"acf":[],"_links":{"self":[{"href":"https:\/\/ceca.mini.icom.museum\/fr\/wp-json\/wp\/v2\/posts\/11938"}],"collection":[{"href":"https:\/\/ceca.mini.icom.museum\/fr\/wp-json\/wp\/v2\/posts"}],"about":[{"href":"https:\/\/ceca.mini.icom.museum\/fr\/wp-json\/wp\/v2\/types\/post"}],"author":[{"embeddable":true,"href":"https:\/\/ceca.mini.icom.museum\/fr\/wp-json\/wp\/v2\/users\/31"}],"replies":[{"embeddable":true,"href":"https:\/\/ceca.mini.icom.museum\/fr\/wp-json\/wp\/v2\/comments?post=11938"}],"version-history":[{"count":5,"href":"https:\/\/ceca.mini.icom.museum\/fr\/wp-json\/wp\/v2\/posts\/11938\/revisions"}],"predecessor-version":[{"id":11957,"href":"https:\/\/ceca.mini.icom.museum\/fr\/wp-json\/wp\/v2\/posts\/11938\/revisions\/11957"}],"wp:featuredmedia":[{"embeddable":true,"href":"https:\/\/ceca.mini.icom.museum\/fr\/wp-json\/wp\/v2\/media\/11949"}],"wp:attachment":[{"href":"https:\/\/ceca.mini.icom.museum\/fr\/wp-json\/wp\/v2\/media?parent=11938"}],"wp:term":[{"taxonomy":"category","embeddable":true,"href":"https:\/\/ceca.mini.icom.museum\/fr\/wp-json\/wp\/v2\/categories?post=11938"},{"taxonomy":"post_tag","embeddable":true,"href":"https:\/\/ceca.mini.icom.museum\/fr\/wp-json\/wp\/v2\/tags?post=11938"},{"taxonomy":"yst_prominent_words","embeddable":true,"href":"https:\/\/ceca.mini.icom.museum\/fr\/wp-json\/wp\/v2\/yst_prominent_words?post=11938"}],"curies":[{"name":"wp","href":"https:\/\/api.w.org\/{rel}","templated":true}]}}