{"id":12331,"date":"2025-01-09T16:51:40","date_gmt":"2025-01-09T16:51:40","guid":{"rendered":"https:\/\/ceca.mini.icom.museum\/?p=12331"},"modified":"2025-01-22T11:59:50","modified_gmt":"2025-01-22T11:59:50","slug":"album-photo-formation-abidjan-2024","status":"publish","type":"post","link":"https:\/\/ceca.mini.icom.museum\/fr\/album-photo-formation-abidjan-2024\/","title":{"rendered":"Album photo formation Abidjan 2024"},"content":{"rendered":"<p><strong>&#8220;Durabilit\u00e9 sociale, durabilit\u00e9 naturelle : l\u2019urgence de l\u2019\u00e9ducation&#8221;<br \/>\nAbidjan, C\u00f4te d\u2019Ivoire, 23\/28 novembre 2024<\/strong><\/p>\n<h4><strong>\u25ba\u25ba Album photo &lt;<a href=\"https:\/\/photos.app.goo.gl\/Rv8gY2CiU89MmnCE7\" target=\"_blank\" rel=\"noopener\">cliquez<\/a>&gt;<\/strong><\/h4>\n<p>Cliquez sur les photos pour les agrandir, et sur les fl\u00e8ches blanches pour les faire d\u00e9filer vers d\u00e9but ou fin.<\/p>\n<blockquote class=\"wp-embedded-content\" data-secret=\"bNOdOuGYBC\"><p><a href=\"https:\/\/ceca.mini.icom.museum\/fr\/expertise-en-formation-ceca\/expertise-en-formation-ceca-divers\/\">\u00c9tudes et formations<\/a><\/p><\/blockquote>\n<p><iframe class=\"wp-embedded-content\" sandbox=\"allow-scripts\" security=\"restricted\" style=\"position: absolute; clip: rect(1px, 1px, 1px, 1px);\" title=\"\u00ab\u00a0\u00c9tudes et formations\u00a0\u00bb &#8212; ICOM CECA\" src=\"https:\/\/ceca.mini.icom.museum\/fr\/expertise-en-formation-ceca\/expertise-en-formation-ceca-divers\/embed\/#?secret=VUNkMrkNvy#?secret=bNOdOuGYBC\" data-secret=\"bNOdOuGYBC\" width=\"500\" height=\"282\" frameborder=\"0\" marginwidth=\"0\" marginheight=\"0\" scrolling=\"no\"><\/iframe><\/p>\n<p><img decoding=\"async\" loading=\"lazy\" class=\"wp-image-12323 alignnone\" src=\"https:\/\/ceca.mini.icom.museum\/wp-content\/uploads\/sites\/5\/2025\/01\/Atelier-Afrique-2024-600px-20.jpg\" alt=\"\" width=\"500\" height=\"313\" srcset=\"https:\/\/ceca.mini.icom.museum\/wp-content\/uploads\/sites\/5\/2025\/01\/Atelier-Afrique-2024-600px-20.jpg 600w, https:\/\/ceca.mini.icom.museum\/wp-content\/uploads\/sites\/5\/2025\/01\/Atelier-Afrique-2024-600px-20-300x188.jpg 300w\" sizes=\"(max-width: 500px) 100vw, 500px\" \/><\/p>\n<p>&nbsp;<\/p>\n<p>&nbsp;<\/p>\n","protected":false},"excerpt":{"rendered":"<p>&#8220;Durabilit\u00e9 sociale, durabilit\u00e9 naturelle : l\u2019urgence de l\u2019\u00e9ducation&#8221; Abidjan, C\u00f4te d\u2019Ivoire, 23\/28 novembre 2024 \u25ba\u25ba Album photo &lt;cliquez&gt; Cliquez sur les photos pour les agrandir, et sur les fl\u00e8ches blanches pour les faire d\u00e9filer vers d\u00e9but ou fin. \u00c9tudes et formations &nbsp; &nbsp;<\/p>\n","protected":false},"author":31,"featured_media":12519,"comment_status":"open","ping_status":"open","sticky":false,"template":"","format":"standard","meta":{"footnotes":""},"categories":[17],"tags":[],"yst_prominent_words":[2128,711,312,862,1479],"acf":[],"_links":{"self":[{"href":"https:\/\/ceca.mini.icom.museum\/fr\/wp-json\/wp\/v2\/posts\/12331"}],"collection":[{"href":"https:\/\/ceca.mini.icom.museum\/fr\/wp-json\/wp\/v2\/posts"}],"about":[{"href":"https:\/\/ceca.mini.icom.museum\/fr\/wp-json\/wp\/v2\/types\/post"}],"author":[{"embeddable":true,"href":"https:\/\/ceca.mini.icom.museum\/fr\/wp-json\/wp\/v2\/users\/31"}],"replies":[{"embeddable":true,"href":"https:\/\/ceca.mini.icom.museum\/fr\/wp-json\/wp\/v2\/comments?post=12331"}],"version-history":[{"count":7,"href":"https:\/\/ceca.mini.icom.museum\/fr\/wp-json\/wp\/v2\/posts\/12331\/revisions"}],"predecessor-version":[{"id":12337,"href":"https:\/\/ceca.mini.icom.museum\/fr\/wp-json\/wp\/v2\/posts\/12331\/revisions\/12337"}],"wp:featuredmedia":[{"embeddable":true,"href":"https:\/\/ceca.mini.icom.museum\/fr\/wp-json\/wp\/v2\/media\/12519"}],"wp:attachment":[{"href":"https:\/\/ceca.mini.icom.museum\/fr\/wp-json\/wp\/v2\/media?parent=12331"}],"wp:term":[{"taxonomy":"category","embeddable":true,"href":"https:\/\/ceca.mini.icom.museum\/fr\/wp-json\/wp\/v2\/categories?post=12331"},{"taxonomy":"post_tag","embeddable":true,"href":"https:\/\/ceca.mini.icom.museum\/fr\/wp-json\/wp\/v2\/tags?post=12331"},{"taxonomy":"yst_prominent_words","embeddable":true,"href":"https:\/\/ceca.mini.icom.museum\/fr\/wp-json\/wp\/v2\/yst_prominent_words?post=12331"}],"curies":[{"name":"wp","href":"https:\/\/api.w.org\/{rel}","templated":true}]}}