{"id":12522,"date":"2025-01-22T16:49:46","date_gmt":"2025-01-22T16:49:46","guid":{"rendered":"https:\/\/ceca.mini.icom.museum\/?p=12522"},"modified":"2025-01-22T16:49:46","modified_gmt":"2025-01-22T16:49:46","slug":"album-ceca-athenes-2024-musee-de-lolive","status":"publish","type":"post","link":"https:\/\/ceca.mini.icom.museum\/fr\/album-ceca-athenes-2024-musee-de-lolive\/","title":{"rendered":"Album CECA Ath\u00e8nes 2024 &#8211;  Mus\u00e9e de l\u2019olive"},"content":{"rendered":"<p><strong>Album photos CECA Ath\u00e8nes 2024 : \u201cExcursion au Mus\u00e9e de l\u2019olive et d\u2019huile d\u2019olive grecque\u201d<\/strong><br \/>\n<a href=\"https:\/\/photos.app.goo.gl\/9WUjHbd73xHvMMBa7\" target=\"_blank\" rel=\"noopener\">https:\/\/photos.app.goo.gl\/9WUjHbd73xHvMMBa7<\/a><\/p>\n<p>Cl\u00f4turant la conf\u00e9rence annuelle du comit\u00e9 international ICOM-CECA \u00e0 Ath\u00e8nes, une excursion culturelle le 22 novembre 2024 a emmen\u00e9 les participants au Mus\u00e9e de l&#8217;olive et d&#8217;huile d&#8217;olive grecque de Sparte qui fait partie du r\u00e9seau des mus\u00e9es th\u00e9matiques de la technologie cr\u00e9\u00e9 par la Fondation culturelle du Groupe de la Banque du Pir\u00e9e (PIOP).<br \/>\nUne animation expliquant le broyage et la pression des olives a \u00e9t\u00e9 tr\u00e8s appr\u00e9ci\u00e9e.<\/p>\n<p><img decoding=\"async\" loading=\"lazy\" class=\"aligncenter wp-image-12524\" src=\"https:\/\/ceca.mini.icom.museum\/wp-content\/uploads\/sites\/5\/2025\/01\/musee-olive-011-300x195.jpg\" alt=\"\" width=\"400\" height=\"260\" srcset=\"https:\/\/ceca.mini.icom.museum\/wp-content\/uploads\/sites\/5\/2025\/01\/musee-olive-011-300x195.jpg 300w, https:\/\/ceca.mini.icom.museum\/wp-content\/uploads\/sites\/5\/2025\/01\/musee-olive-011-1024x666.jpg 1024w, https:\/\/ceca.mini.icom.museum\/wp-content\/uploads\/sites\/5\/2025\/01\/musee-olive-011-768x499.jpg 768w, https:\/\/ceca.mini.icom.museum\/wp-content\/uploads\/sites\/5\/2025\/01\/musee-olive-011.jpg 1500w\" sizes=\"(max-width: 400px) 100vw, 400px\" \/><\/p>\n","protected":false},"excerpt":{"rendered":"<p>Album photos CECA Ath\u00e8nes 2024 : \u201cExcursion au Mus\u00e9e de l\u2019olive et d\u2019huile d\u2019olive grecque\u201d https:\/\/photos.app.goo.gl\/9WUjHbd73xHvMMBa7 Cl\u00f4turant la conf\u00e9rence annuelle du comit\u00e9 international ICOM-CECA \u00e0 Ath\u00e8nes, une excursion culturelle le 22 novembre 2024 a emmen\u00e9 les participants au Mus\u00e9e de l&#8217;olive et d&#8217;huile d&#8217;olive grecque de Sparte qui fait partie du r\u00e9seau des mus\u00e9es th\u00e9matiques [&hellip;]<\/p>\n","protected":false},"author":31,"featured_media":12543,"comment_status":"open","ping_status":"open","sticky":false,"template":"","format":"standard","meta":{"footnotes":""},"categories":[17],"tags":[],"yst_prominent_words":[2564,2530],"acf":[],"_links":{"self":[{"href":"https:\/\/ceca.mini.icom.museum\/fr\/wp-json\/wp\/v2\/posts\/12522"}],"collection":[{"href":"https:\/\/ceca.mini.icom.museum\/fr\/wp-json\/wp\/v2\/posts"}],"about":[{"href":"https:\/\/ceca.mini.icom.museum\/fr\/wp-json\/wp\/v2\/types\/post"}],"author":[{"embeddable":true,"href":"https:\/\/ceca.mini.icom.museum\/fr\/wp-json\/wp\/v2\/users\/31"}],"replies":[{"embeddable":true,"href":"https:\/\/ceca.mini.icom.museum\/fr\/wp-json\/wp\/v2\/comments?post=12522"}],"version-history":[{"count":1,"href":"https:\/\/ceca.mini.icom.museum\/fr\/wp-json\/wp\/v2\/posts\/12522\/revisions"}],"predecessor-version":[{"id":12530,"href":"https:\/\/ceca.mini.icom.museum\/fr\/wp-json\/wp\/v2\/posts\/12522\/revisions\/12530"}],"wp:featuredmedia":[{"embeddable":true,"href":"https:\/\/ceca.mini.icom.museum\/fr\/wp-json\/wp\/v2\/media\/12543"}],"wp:attachment":[{"href":"https:\/\/ceca.mini.icom.museum\/fr\/wp-json\/wp\/v2\/media?parent=12522"}],"wp:term":[{"taxonomy":"category","embeddable":true,"href":"https:\/\/ceca.mini.icom.museum\/fr\/wp-json\/wp\/v2\/categories?post=12522"},{"taxonomy":"post_tag","embeddable":true,"href":"https:\/\/ceca.mini.icom.museum\/fr\/wp-json\/wp\/v2\/tags?post=12522"},{"taxonomy":"yst_prominent_words","embeddable":true,"href":"https:\/\/ceca.mini.icom.museum\/fr\/wp-json\/wp\/v2\/yst_prominent_words?post=12522"}],"curies":[{"name":"wp","href":"https:\/\/api.w.org\/{rel}","templated":true}]}}