{"id":13597,"date":"2025-09-25T12:54:45","date_gmt":"2025-09-25T12:54:45","guid":{"rendered":"https:\/\/ceca.mini.icom.museum\/?p=13597"},"modified":"2025-09-25T12:54:45","modified_gmt":"2025-09-25T12:54:45","slug":"assemblee-generale-2025","status":"publish","type":"post","link":"https:\/\/ceca.mini.icom.museum\/fr\/assemblee-generale-2025\/","title":{"rendered":"Assembl\u00e9e G\u00e9n\u00e9rale 2025"},"content":{"rendered":"<h4><strong>Notre assembl\u00e9e g\u00e9n\u00e9rale 2025 se tiendra en ligne le 18 octobre \u00e0 13 h, heure de Paris.<\/strong><\/h4>\n<p><strong>Vous trouverez le lien Zoom sur la convocation que vous recevrez par e-mail.<\/strong><\/p>\n<ul>\n<li>Nous publierons les r\u00e9sultats de l&#8217;\u00e9lection du conseil d&#8217;administration 2025-2028.<\/li>\n<li>Les derni\u00e8res informations d\u00e9taill\u00e9es concernant la conf\u00e9rence de Duba\u00ef seront communiqu\u00e9es.<\/li>\n<li>Les r\u00e9alisations des activit\u00e9s de la CECA pour 2025 seront rapidement pr\u00e9sent\u00e9es.<\/li>\n<\/ul>\n<p>Nous nous r\u00e9jouissons de votre pr\u00e9sence et de votre participation active.<\/p>\n","protected":false},"excerpt":{"rendered":"<p>Notre assembl\u00e9e g\u00e9n\u00e9rale 2025 se tiendra en ligne le 18 octobre \u00e0 13 h, heure de Paris. Vous trouverez le lien Zoom sur la convocation que vous recevrez par e-mail. Nous publierons les r\u00e9sultats de l&#8217;\u00e9lection du conseil d&#8217;administration 2025-2028. Les derni\u00e8res informations d\u00e9taill\u00e9es concernant la conf\u00e9rence de Duba\u00ef seront communiqu\u00e9es. Les r\u00e9alisations des activit\u00e9s [&hellip;]<\/p>\n","protected":false},"author":31,"featured_media":13598,"comment_status":"open","ping_status":"open","sticky":false,"template":"","format":"standard","meta":{"footnotes":""},"categories":[17],"tags":[],"yst_prominent_words":[277,141,291,395,711,1341,3134,1337],"acf":[],"_links":{"self":[{"href":"https:\/\/ceca.mini.icom.museum\/fr\/wp-json\/wp\/v2\/posts\/13597"}],"collection":[{"href":"https:\/\/ceca.mini.icom.museum\/fr\/wp-json\/wp\/v2\/posts"}],"about":[{"href":"https:\/\/ceca.mini.icom.museum\/fr\/wp-json\/wp\/v2\/types\/post"}],"author":[{"embeddable":true,"href":"https:\/\/ceca.mini.icom.museum\/fr\/wp-json\/wp\/v2\/users\/31"}],"replies":[{"embeddable":true,"href":"https:\/\/ceca.mini.icom.museum\/fr\/wp-json\/wp\/v2\/comments?post=13597"}],"version-history":[{"count":3,"href":"https:\/\/ceca.mini.icom.museum\/fr\/wp-json\/wp\/v2\/posts\/13597\/revisions"}],"predecessor-version":[{"id":13603,"href":"https:\/\/ceca.mini.icom.museum\/fr\/wp-json\/wp\/v2\/posts\/13597\/revisions\/13603"}],"wp:featuredmedia":[{"embeddable":true,"href":"https:\/\/ceca.mini.icom.museum\/fr\/wp-json\/wp\/v2\/media\/13598"}],"wp:attachment":[{"href":"https:\/\/ceca.mini.icom.museum\/fr\/wp-json\/wp\/v2\/media?parent=13597"}],"wp:term":[{"taxonomy":"category","embeddable":true,"href":"https:\/\/ceca.mini.icom.museum\/fr\/wp-json\/wp\/v2\/categories?post=13597"},{"taxonomy":"post_tag","embeddable":true,"href":"https:\/\/ceca.mini.icom.museum\/fr\/wp-json\/wp\/v2\/tags?post=13597"},{"taxonomy":"yst_prominent_words","embeddable":true,"href":"https:\/\/ceca.mini.icom.museum\/fr\/wp-json\/wp\/v2\/yst_prominent_words?post=13597"}],"curies":[{"name":"wp","href":"https:\/\/api.w.org\/{rel}","templated":true}]}}