{"id":14471,"date":"2026-02-14T19:18:23","date_gmt":"2026-02-14T19:18:23","guid":{"rendered":"https:\/\/ceca.mini.icom.museum\/?p=14471"},"modified":"2026-02-16T20:04:17","modified_gmt":"2026-02-16T20:04:17","slug":"groupe-dinteret-special-education-museale-et-decolonialite-23-02-et-26-02-en-espagnol-avec-traduction-sur-la-plateforme-zoom","status":"publish","type":"post","link":"https:\/\/ceca.mini.icom.museum\/fr\/groupe-dinteret-special-education-museale-et-decolonialite-23-02-et-26-02-en-espagnol-avec-traduction-sur-la-plateforme-zoom\/","title":{"rendered":"Groupe d&#8217;int\u00e9r\u00eat sp\u00e9cial \u00ab \u00c9ducation mus\u00e9ale et d\u00e9colonialit\u00e9 \u00bb 23.02 et 26.02 en espagnol avec traduction sur la plateforme Zoom"},"content":{"rendered":"<p><strong><a href=\"https:\/\/ceca.mini.icom.museum\/special-interests-groups\/what-are-special-interests-groups\/\">Groupe d&#8217;int\u00e9r\u00eat sp\u00e9cial<\/a> : \u00c9ducation mus\u00e9ale et d\u00e9colonialit\u00e9<\/strong><\/p>\n<p><strong>Dates :<\/strong> 23 et 26 f\u00e9vrier 2026, \u00e0 16 h MEX \/ 23 h CET<\/p>\n<p>Nous commencerons nos activit\u00e9s pour 2026 par deux r\u00e9unions qui porteront sur le m\u00eame contenu et se tiendront \u00e0 des dates diff\u00e9rentes, dans le but de faciliter la participation et d&#8217;encourager le plus grand nombre possible de membres \u00e0 y assister.<\/p>\n<p>Lors de ces r\u00e9unions, nous partagerons les objectifs pr\u00e9vus pour l&#8217;ann\u00e9e, mettrons en commun notre planification annuelle pour un examen collectif et organiserons les sous-groupes de travail qui poursuivront nos lignes d&#8217;action. L&#8217;intention est de commencer l&#8217;ann\u00e9e avec un espace de dialogue ouvert, participatif et collaboratif qui nous permettra de renforcer l&#8217;orientation du groupe et de renouveler notre engagement en faveur d&#8217;une pratique \u00e9ducative critique et situ\u00e9e.<\/p>\n<p>Toutes les personnes int\u00e9ress\u00e9es, qu&#8217;elles soient d\u00e9j\u00e0 membres du groupe ou qu&#8217;elles souhaitent en savoir plus sur son approche et son fonctionnement, sont cordialement invit\u00e9es \u00e0 participer, \u00e0 s&#8217;informer et \u00e0 se joindre \u00e0 cette initiative.<\/p>\n<p>Nous nous r\u00e9jouissons de vous rencontrer pour planifier ensemble le travail de cette nouvelle ann\u00e9e. Pour vous inscrire, veuillez envoyer un e-mail \u00e0 cecalac.icom[at]gmail.com.<\/p>\n<p><strong>Langue :<\/strong> espagnol avec traduction sur la plateforme Zoom.<\/p>\n","protected":false},"excerpt":{"rendered":"<p>Groupe d&#8217;int\u00e9r\u00eat sp\u00e9cial : \u00c9ducation mus\u00e9ale et d\u00e9colonialit\u00e9 Dates : 23 et 26 f\u00e9vrier 2026, \u00e0 16 h MEX \/ 23 h CET Nous commencerons nos activit\u00e9s pour 2026 par deux r\u00e9unions qui porteront sur le m\u00eame contenu et se tiendront \u00e0 des dates diff\u00e9rentes, dans le but de faciliter la participation et d&#8217;encourager le [&hellip;]<\/p>\n","protected":false},"author":139,"featured_media":14466,"comment_status":"open","ping_status":"open","sticky":false,"template":"","format":"standard","meta":{"footnotes":""},"categories":[17],"tags":[],"yst_prominent_words":[277,286,308,291,395,711,3090,1341,1336,312,391,983,862,313],"acf":[],"_links":{"self":[{"href":"https:\/\/ceca.mini.icom.museum\/fr\/wp-json\/wp\/v2\/posts\/14471"}],"collection":[{"href":"https:\/\/ceca.mini.icom.museum\/fr\/wp-json\/wp\/v2\/posts"}],"about":[{"href":"https:\/\/ceca.mini.icom.museum\/fr\/wp-json\/wp\/v2\/types\/post"}],"author":[{"embeddable":true,"href":"https:\/\/ceca.mini.icom.museum\/fr\/wp-json\/wp\/v2\/users\/139"}],"replies":[{"embeddable":true,"href":"https:\/\/ceca.mini.icom.museum\/fr\/wp-json\/wp\/v2\/comments?post=14471"}],"version-history":[{"count":2,"href":"https:\/\/ceca.mini.icom.museum\/fr\/wp-json\/wp\/v2\/posts\/14471\/revisions"}],"predecessor-version":[{"id":14501,"href":"https:\/\/ceca.mini.icom.museum\/fr\/wp-json\/wp\/v2\/posts\/14471\/revisions\/14501"}],"wp:featuredmedia":[{"embeddable":true,"href":"https:\/\/ceca.mini.icom.museum\/fr\/wp-json\/wp\/v2\/media\/14466"}],"wp:attachment":[{"href":"https:\/\/ceca.mini.icom.museum\/fr\/wp-json\/wp\/v2\/media?parent=14471"}],"wp:term":[{"taxonomy":"category","embeddable":true,"href":"https:\/\/ceca.mini.icom.museum\/fr\/wp-json\/wp\/v2\/categories?post=14471"},{"taxonomy":"post_tag","embeddable":true,"href":"https:\/\/ceca.mini.icom.museum\/fr\/wp-json\/wp\/v2\/tags?post=14471"},{"taxonomy":"yst_prominent_words","embeddable":true,"href":"https:\/\/ceca.mini.icom.museum\/fr\/wp-json\/wp\/v2\/yst_prominent_words?post=14471"}],"curies":[{"name":"wp","href":"https:\/\/api.w.org\/{rel}","templated":true}]}}