{"id":14646,"date":"2026-04-08T18:51:11","date_gmt":"2026-04-08T18:51:11","guid":{"rendered":"https:\/\/ceca.mini.icom.museum\/special-interest-group-surveying-audience-of-educational-and-cultural-programmes-online-meeting-10-04\/"},"modified":"2026-04-10T10:41:40","modified_gmt":"2026-04-10T10:41:40","slug":"special-interest-group-surveying-audience-of-educational-and-cultural-programmes-online-meeting-10-04","status":"publish","type":"post","link":"https:\/\/ceca.mini.icom.museum\/fr\/special-interest-group-surveying-audience-of-educational-and-cultural-programmes-online-meeting-10-04\/","title":{"rendered":"GIS ICOM CECA\u00a0Recherches autour des publics des programmes \u00e9ducatifs et culturels r\u00e9unions en ligne en avril et en mai"},"content":{"rendered":"<div><\/div>\n<div>\n<div>\n<div>\n<div>Le groupe d&#8217;int\u00e9r\u00eat sp\u00e9cial <strong>\u00ab \u00c9tude de l&#8217;audience des programmes \u00e9ducatifs et culturels \u00bb<\/strong> vous invite \u00e0 participer \u00e0 ses prochaines r\u00e9unions. La langue principale des r\u00e9unions est le fran\u00e7ais ; les participants peuvent utiliser les sous-titres de Zoom pour b\u00e9n\u00e9ficier d&#8217;une traduction.<\/div>\n<\/div>\n<div><\/div>\n<div><strong>Coordination et inscription :<\/strong> Marie-Pierre Delaporte (marie-pierre.delaporte[at]mahj.org), Katy Tari (ktari[at]pacmusee.qc.ca)<\/div>\n<div><strong>Th\u00e8me :<\/strong> \u00c9changes entre professionnels des mus\u00e9es et chercheurs en sciences sociales autour des enqu\u00eates aupr\u00e8s du public, des m\u00e9thodologies et des relations entre visiteurs et mus\u00e9es.<\/div>\n<div>\n<div><\/div>\n<div><span style=\"color: #222222\"><b>Vendredi\u00a0<\/b><\/span><span style=\"color: #222222\"><b>10 avril<\/b><\/span><span style=\"color: #222222\"><b>\u00a0\u00e0 16h30 en France \/ 10h30 \u00e0 Montr\u00e9al<\/b><\/span><\/div>\n<div><\/div>\n<div><b>Aude Porcedda<\/b>, professeure en gestion et organisation culturelle, universit\u00e9 du Qu\u00e9bec \u00e0 Trois-Rivi\u00e8res (UQTR) pr\u00e9sentera \u00ab\u00a0<b>\u00c9tats des lieux sur la transition socio-\u00e9cologique et l\u2019accessibilit\u00e9 universelle (TSA)<\/b>\u00a0\u00bb<\/div>\n<\/div>\n<\/div>\n<\/div>\n<div><\/div>\n<div>\n<p><strong>Vendredi 22 mai \u00e0 16h30 en France \/ 10h30 \u00e0 Montr\u00e9al : <\/strong><\/p>\n<p>Anne Jonchery, cheffe du bureau Socialisation et participation culturelles au D\u00e9partement des \u00e9tudes, de la prospective, des statistiques et de la documentation (DEPS) du minist\u00e8re de la Culture en France pr\u00e9sentera : \u00ab Enjeux sociologiques et de renouvellement de l&#8217;enqu\u00eate Pratiques culturelles en France \u00bb.<\/p>\n<p>&nbsp;<\/p>\n<\/div>\n","protected":false},"excerpt":{"rendered":"<p>Le groupe d&#8217;int\u00e9r\u00eat sp\u00e9cial \u00ab \u00c9tude de l&#8217;audience des programmes \u00e9ducatifs et culturels \u00bb vous invite \u00e0 participer \u00e0 ses prochaines r\u00e9unions. La langue principale des r\u00e9unions est le fran\u00e7ais ; les participants peuvent utiliser les sous-titres de Zoom pour b\u00e9n\u00e9ficier d&#8217;une traduction. Coordination et inscription : Marie-Pierre Delaporte (marie-pierre.delaporte[at]mahj.org), Katy Tari (ktari[at]pacmusee.qc.ca) Th\u00e8me : [&hellip;]<\/p>\n","protected":false},"author":139,"featured_media":14648,"comment_status":"open","ping_status":"open","sticky":false,"template":"","format":"standard","meta":{"footnotes":""},"categories":[17],"tags":[],"yst_prominent_words":[4335,277,91,614,389,286,308,617,611,4316,291,395],"acf":[],"_links":{"self":[{"href":"https:\/\/ceca.mini.icom.museum\/fr\/wp-json\/wp\/v2\/posts\/14646"}],"collection":[{"href":"https:\/\/ceca.mini.icom.museum\/fr\/wp-json\/wp\/v2\/posts"}],"about":[{"href":"https:\/\/ceca.mini.icom.museum\/fr\/wp-json\/wp\/v2\/types\/post"}],"author":[{"embeddable":true,"href":"https:\/\/ceca.mini.icom.museum\/fr\/wp-json\/wp\/v2\/users\/139"}],"replies":[{"embeddable":true,"href":"https:\/\/ceca.mini.icom.museum\/fr\/wp-json\/wp\/v2\/comments?post=14646"}],"version-history":[{"count":8,"href":"https:\/\/ceca.mini.icom.museum\/fr\/wp-json\/wp\/v2\/posts\/14646\/revisions"}],"predecessor-version":[{"id":14722,"href":"https:\/\/ceca.mini.icom.museum\/fr\/wp-json\/wp\/v2\/posts\/14646\/revisions\/14722"}],"wp:featuredmedia":[{"embeddable":true,"href":"https:\/\/ceca.mini.icom.museum\/fr\/wp-json\/wp\/v2\/media\/14648"}],"wp:attachment":[{"href":"https:\/\/ceca.mini.icom.museum\/fr\/wp-json\/wp\/v2\/media?parent=14646"}],"wp:term":[{"taxonomy":"category","embeddable":true,"href":"https:\/\/ceca.mini.icom.museum\/fr\/wp-json\/wp\/v2\/categories?post=14646"},{"taxonomy":"post_tag","embeddable":true,"href":"https:\/\/ceca.mini.icom.museum\/fr\/wp-json\/wp\/v2\/tags?post=14646"},{"taxonomy":"yst_prominent_words","embeddable":true,"href":"https:\/\/ceca.mini.icom.museum\/fr\/wp-json\/wp\/v2\/yst_prominent_words?post=14646"}],"curies":[{"name":"wp","href":"https:\/\/api.w.org\/{rel}","templated":true}]}}