{"id":2793,"date":"2019-12-12T01:18:33","date_gmt":"2019-12-12T01:18:33","guid":{"rendered":"http:\/\/ceca.mini.icom.museum\/?p=2793"},"modified":"2020-05-15T19:05:45","modified_gmt":"2020-05-15T19:05:45","slug":"prix-bonnes-pratiques","status":"publish","type":"post","link":"https:\/\/ceca.mini.icom.museum\/fr\/prix-bonnes-pratiques\/","title":{"rendered":"Prix Bonnes Pratiques"},"content":{"rendered":"<p>Si vous-m\u00eame ou votre \u00e9quipe avez r\u00e9alis\u00e9 un programme d&#8217;\u00e9ducation mus\u00e9ale ou d\u2019action culturelle, nous vous invitons \u00e0 participer \u00e0 la<strong> 9\u00e8me \u00e9dition du Prix des Bonnes Pratiques<\/strong><\/p>\n<p>Comme par le pass\u00e9,<strong> nous esp\u00e9rons avoir<\/strong> de nombreuses nominations pour le Prix, parmi lesquelles, <strong>LA V\u00d4TRE<\/strong> !<\/p>\n<p>Si vous avez des questions, n&#8217;h\u00e9sitez pas \u00e9crire \u00e0 :<br \/>\n<strong>Margarita Laraign\u00e9e<\/strong> : margaritalaraignee[at]gmail.com<\/p>\n<p><span style=\"color: #ff0000;\"><strong>Plus de d\u00e9tails <\/strong><strong>\u25bc <\/strong> <\/span><\/p>\n<blockquote class=\"wp-embedded-content\" data-secret=\"srF5zIyyRt\"><p><a href=\"https:\/\/ceca.mini.icom.museum\/fr\/prix-bp\/prix\/\">Participer au prix Bonnes Pratiques<\/a><\/p><\/blockquote>\n<p><iframe class=\"wp-embedded-content\" sandbox=\"allow-scripts\" security=\"restricted\" style=\"position: absolute; clip: rect(1px, 1px, 1px, 1px);\" src=\"https:\/\/ceca.mini.icom.museum\/fr\/prix-bp\/prix\/embed\/#?secret=srF5zIyyRt\" data-secret=\"srF5zIyyRt\" width=\"500\" height=\"282\" title=\"\u00ab\u00a0Participer au prix Bonnes Pratiques\u00a0\u00bb &#8212; ICOM CECA\" frameborder=\"0\" marginwidth=\"0\" marginheight=\"0\" scrolling=\"no\"><\/iframe><\/p>\n","protected":false},"excerpt":{"rendered":"<p>Si vous-m\u00eame ou votre \u00e9quipe avez r\u00e9alis\u00e9 un programme d&#8217;\u00e9ducation mus\u00e9ale ou d\u2019action culturelle, nous vous invitons \u00e0 participer \u00e0 la 9\u00e8me \u00e9dition du Prix des Bonnes Pratiques Comme par le pass\u00e9, nous esp\u00e9rons avoir de nombreuses nominations pour le Prix, parmi lesquelles, LA V\u00d4TRE ! Si vous avez des questions, n&#8217;h\u00e9sitez pas \u00e9crire \u00e0 [&hellip;]<\/p>\n","protected":false},"author":31,"featured_media":3246,"comment_status":"open","ping_status":"open","sticky":false,"template":"","format":"standard","meta":{"footnotes":""},"categories":[17],"tags":[],"yst_prominent_words":[2345,277,614,291,395,1341,1080,309,2344,1337],"acf":[],"_links":{"self":[{"href":"https:\/\/ceca.mini.icom.museum\/fr\/wp-json\/wp\/v2\/posts\/2793"}],"collection":[{"href":"https:\/\/ceca.mini.icom.museum\/fr\/wp-json\/wp\/v2\/posts"}],"about":[{"href":"https:\/\/ceca.mini.icom.museum\/fr\/wp-json\/wp\/v2\/types\/post"}],"author":[{"embeddable":true,"href":"https:\/\/ceca.mini.icom.museum\/fr\/wp-json\/wp\/v2\/users\/31"}],"replies":[{"embeddable":true,"href":"https:\/\/ceca.mini.icom.museum\/fr\/wp-json\/wp\/v2\/comments?post=2793"}],"version-history":[{"count":7,"href":"https:\/\/ceca.mini.icom.museum\/fr\/wp-json\/wp\/v2\/posts\/2793\/revisions"}],"predecessor-version":[{"id":4801,"href":"https:\/\/ceca.mini.icom.museum\/fr\/wp-json\/wp\/v2\/posts\/2793\/revisions\/4801"}],"wp:featuredmedia":[{"embeddable":true,"href":"https:\/\/ceca.mini.icom.museum\/fr\/wp-json\/wp\/v2\/media\/3246"}],"wp:attachment":[{"href":"https:\/\/ceca.mini.icom.museum\/fr\/wp-json\/wp\/v2\/media?parent=2793"}],"wp:term":[{"taxonomy":"category","embeddable":true,"href":"https:\/\/ceca.mini.icom.museum\/fr\/wp-json\/wp\/v2\/categories?post=2793"},{"taxonomy":"post_tag","embeddable":true,"href":"https:\/\/ceca.mini.icom.museum\/fr\/wp-json\/wp\/v2\/tags?post=2793"},{"taxonomy":"yst_prominent_words","embeddable":true,"href":"https:\/\/ceca.mini.icom.museum\/fr\/wp-json\/wp\/v2\/yst_prominent_words?post=2793"}],"curies":[{"name":"wp","href":"https:\/\/api.w.org\/{rel}","templated":true}]}}