{"id":2808,"date":"2019-12-12T01:44:39","date_gmt":"2019-12-12T01:44:39","guid":{"rendered":"http:\/\/ceca.mini.icom.museum\/?p=2808"},"modified":"2020-07-14T08:17:17","modified_gmt":"2020-07-14T08:17:17","slug":"prix-colette-dufresne-tasse","status":"publish","type":"post","link":"https:\/\/ceca.mini.icom.museum\/fr\/prix-colette-dufresne-tasse\/","title":{"rendered":"Prix Colette Dufresne-Tass\u00e9"},"content":{"rendered":"<h4>Le prix Colette Dufresne-Tass\u00e9 pour la recherche en \u00e9ducation et action culturelle.<\/h4>\n<p>Si vous ou votre \u00e9quipe de mus\u00e9e avez fait des recherches empiriques sur l&#8217;\u00e9ducation ou l&#8217;action culturelle dans un mus\u00e9e, nous vous invitons \u00e0 participer au programme <strong>Bourse de Recherche Colette Dufresne-Tass\u00e9 en Education et Action Culturelle<\/strong><\/p>\n<p>Nous nous r\u00e9jouirions de votre participation !<\/p>\n<p><strong><span style=\"color: #ff0000\">La date de soumission des candidatures pour le prix CDT est le 1er avril 2021.<\/span><\/strong><\/p>\n<p><span style=\"color: #ff0000\"><strong>Plus de d\u00e9tails :\u00a0<\/strong><\/span><strong><a href=\"https:\/\/ceca.mini.icom.museum\/fr\/prix-recherche\/ceca\/\" target=\"_blank\" rel=\"noopener\">Prix CDT<\/a><\/strong><\/p>\n","protected":false},"excerpt":{"rendered":"<p>Le prix Colette Dufresne-Tass\u00e9 pour la recherche en \u00e9ducation et action culturelle. Si vous ou votre \u00e9quipe de mus\u00e9e avez fait des recherches empiriques sur l&#8217;\u00e9ducation ou l&#8217;action culturelle dans un mus\u00e9e, nous vous invitons \u00e0 participer au programme Bourse de Recherche Colette Dufresne-Tass\u00e9 en Education et Action Culturelle Nous nous r\u00e9jouirions de votre participation [&hellip;]<\/p>\n","protected":false},"author":31,"featured_media":3244,"comment_status":"open","ping_status":"open","sticky":false,"template":"","format":"standard","meta":{"footnotes":""},"categories":[17],"tags":[],"yst_prominent_words":[47,2355,297,1246,280,277,1835,1754,286,308,2354,2352,291,395,3105,1877,1736,1341,1862,312,309,3524,310,1337],"acf":[],"_links":{"self":[{"href":"https:\/\/ceca.mini.icom.museum\/fr\/wp-json\/wp\/v2\/posts\/2808"}],"collection":[{"href":"https:\/\/ceca.mini.icom.museum\/fr\/wp-json\/wp\/v2\/posts"}],"about":[{"href":"https:\/\/ceca.mini.icom.museum\/fr\/wp-json\/wp\/v2\/types\/post"}],"author":[{"embeddable":true,"href":"https:\/\/ceca.mini.icom.museum\/fr\/wp-json\/wp\/v2\/users\/31"}],"replies":[{"embeddable":true,"href":"https:\/\/ceca.mini.icom.museum\/fr\/wp-json\/wp\/v2\/comments?post=2808"}],"version-history":[{"count":7,"href":"https:\/\/ceca.mini.icom.museum\/fr\/wp-json\/wp\/v2\/posts\/2808\/revisions"}],"predecessor-version":[{"id":5364,"href":"https:\/\/ceca.mini.icom.museum\/fr\/wp-json\/wp\/v2\/posts\/2808\/revisions\/5364"}],"wp:featuredmedia":[{"embeddable":true,"href":"https:\/\/ceca.mini.icom.museum\/fr\/wp-json\/wp\/v2\/media\/3244"}],"wp:attachment":[{"href":"https:\/\/ceca.mini.icom.museum\/fr\/wp-json\/wp\/v2\/media?parent=2808"}],"wp:term":[{"taxonomy":"category","embeddable":true,"href":"https:\/\/ceca.mini.icom.museum\/fr\/wp-json\/wp\/v2\/categories?post=2808"},{"taxonomy":"post_tag","embeddable":true,"href":"https:\/\/ceca.mini.icom.museum\/fr\/wp-json\/wp\/v2\/tags?post=2808"},{"taxonomy":"yst_prominent_words","embeddable":true,"href":"https:\/\/ceca.mini.icom.museum\/fr\/wp-json\/wp\/v2\/yst_prominent_words?post=2808"}],"curies":[{"name":"wp","href":"https:\/\/api.w.org\/{rel}","templated":true}]}}