{"id":2856,"date":"2019-12-12T14:29:56","date_gmt":"2019-12-12T14:29:56","guid":{"rendered":"http:\/\/ceca.mini.icom.museum\/?p=2856"},"modified":"2020-05-15T18:41:11","modified_gmt":"2020-05-15T18:41:11","slug":"atelier-de-formation-a-la-recherche-appliquee","status":"publish","type":"post","link":"https:\/\/ceca.mini.icom.museum\/fr\/atelier-de-formation-a-la-recherche-appliquee\/","title":{"rendered":"Atelier de formation \u00e0 la recherche appliqu\u00e9e"},"content":{"rendered":"<h4><strong>Am\u00e9liorer l&#8217;efficacit\u00e9 d&#8217;un programme \u00e9ducatif ou culturel\u00a0<\/strong><\/h4>\n<p>D\u00e9roulement au cours de la conf\u00e9rence annuelle.<\/p>\n<p><strong>Participants\u00a0:<\/strong> Personnes qui ont d\u00e9j\u00e0 particip\u00e9 au Prix Bonnes Pratiques ou au Prix Colette Dufresne-Tass\u00e9 pour la recherche<\/p>\n","protected":false},"excerpt":{"rendered":"<p>Am\u00e9liorer l&#8217;efficacit\u00e9 d&#8217;un programme \u00e9ducatif ou culturel\u00a0 D\u00e9roulement au cours de la conf\u00e9rence annuelle. Participants\u00a0: Personnes qui ont d\u00e9j\u00e0 particip\u00e9 au Prix Bonnes Pratiques ou au Prix Colette Dufresne-Tass\u00e9 pour la recherche<\/p>\n","protected":false},"author":31,"featured_media":2853,"comment_status":"open","ping_status":"open","sticky":false,"template":"","format":"standard","meta":{"footnotes":""},"categories":[17],"tags":[],"yst_prominent_words":[1010,2356,291,1080,309],"acf":[],"_links":{"self":[{"href":"https:\/\/ceca.mini.icom.museum\/fr\/wp-json\/wp\/v2\/posts\/2856"}],"collection":[{"href":"https:\/\/ceca.mini.icom.museum\/fr\/wp-json\/wp\/v2\/posts"}],"about":[{"href":"https:\/\/ceca.mini.icom.museum\/fr\/wp-json\/wp\/v2\/types\/post"}],"author":[{"embeddable":true,"href":"https:\/\/ceca.mini.icom.museum\/fr\/wp-json\/wp\/v2\/users\/31"}],"replies":[{"embeddable":true,"href":"https:\/\/ceca.mini.icom.museum\/fr\/wp-json\/wp\/v2\/comments?post=2856"}],"version-history":[{"count":4,"href":"https:\/\/ceca.mini.icom.museum\/fr\/wp-json\/wp\/v2\/posts\/2856\/revisions"}],"predecessor-version":[{"id":4795,"href":"https:\/\/ceca.mini.icom.museum\/fr\/wp-json\/wp\/v2\/posts\/2856\/revisions\/4795"}],"wp:featuredmedia":[{"embeddable":true,"href":"https:\/\/ceca.mini.icom.museum\/fr\/wp-json\/wp\/v2\/media\/2853"}],"wp:attachment":[{"href":"https:\/\/ceca.mini.icom.museum\/fr\/wp-json\/wp\/v2\/media?parent=2856"}],"wp:term":[{"taxonomy":"category","embeddable":true,"href":"https:\/\/ceca.mini.icom.museum\/fr\/wp-json\/wp\/v2\/categories?post=2856"},{"taxonomy":"post_tag","embeddable":true,"href":"https:\/\/ceca.mini.icom.museum\/fr\/wp-json\/wp\/v2\/tags?post=2856"},{"taxonomy":"yst_prominent_words","embeddable":true,"href":"https:\/\/ceca.mini.icom.museum\/fr\/wp-json\/wp\/v2\/yst_prominent_words?post=2856"}],"curies":[{"name":"wp","href":"https:\/\/api.w.org\/{rel}","templated":true}]}}