{"id":3882,"date":"2020-01-28T17:26:48","date_gmt":"2020-01-28T17:26:48","guid":{"rendered":"http:\/\/ceca.mini.icom.museum\/?p=3882"},"modified":"2020-03-15T19:50:09","modified_gmt":"2020-03-15T19:50:09","slug":"universite-de-foggia-italie-30-mars-1er-avril-2020","status":"publish","type":"post","link":"https:\/\/ceca.mini.icom.museum\/fr\/universite-de-foggia-italie-30-mars-1er-avril-2020\/","title":{"rendered":"Universit\u00e9 de Foggia, Italie 30 Mars-1er Avril 2020"},"content":{"rendered":"<p><strong>La Biennale de l&#8217;\u00e9ducation au patrimoine 2020 (BEP20)<\/strong> &#8211; unique en son genre en Italie &#8211; inaugure une s\u00e9rie de conf\u00e9rences internationales au cours desquelles la communaut\u00e9 scientifique mondiale qui s&#8217;occupe de l&#8217;\u00e9ducation au patrimoine propose des th\u00e8mes de r\u00e9flexion et de futurs domaines de recherche.<\/p>\n<p>La conf\u00e9rence mettra en lumi\u00e8re \u00e0 la fois des recherches et des exp\u00e9riences significatives et des d\u00e9veloppements et applications technologiques qui soutiennent l&#8217;\u00e9ducation au patrimoine.<\/p>\n<p><strong>La pr\u00e9sidente du CECA, Marie-Clart\u00e9 O\u2019Neill<\/strong> y fera une communication sur \u00ab\u00a0Inclusion et Meilleures pratiques\u00a0: l\u2019outil Best Practice du CECA<br \/>\n&lt;<a href=\"http:\/\/www.gobep.it\" target=\"_blank\" rel=\"noopener\">www.gobep.it<\/a>&gt;<\/p>\n<p><img decoding=\"async\" loading=\"lazy\" class=\"alignnone size-medium wp-image-3883\" src=\"http:\/\/ceca.mini.icom.museum\/wp-content\/uploads\/sites\/5\/2020\/01\/logo-bep-300x99.jpg\" alt=\"\" width=\"300\" height=\"99\" srcset=\"https:\/\/ceca.mini.icom.museum\/wp-content\/uploads\/sites\/5\/2020\/01\/logo-bep-300x99.jpg 300w, https:\/\/ceca.mini.icom.museum\/wp-content\/uploads\/sites\/5\/2020\/01\/logo-bep.jpg 301w\" sizes=\"(max-width: 300px) 100vw, 300px\" \/><\/p>\n<blockquote class=\"wp-embedded-content\" data-secret=\"cM8mLN7QMw\"><p><a href=\"https:\/\/ceca.mini.icom.museum\/fr\/conferences\/conferences-regionales\/\">Conf\u00e9rences r\u00e9gionales<\/a><\/p><\/blockquote>\n<p><iframe class=\"wp-embedded-content\" sandbox=\"allow-scripts\" security=\"restricted\" style=\"position: absolute; clip: rect(1px, 1px, 1px, 1px);\" src=\"https:\/\/ceca.mini.icom.museum\/fr\/conferences\/conferences-regionales\/embed\/#?secret=cM8mLN7QMw\" data-secret=\"cM8mLN7QMw\" width=\"500\" height=\"282\" title=\"\u00ab\u00a0Conf\u00e9rences r\u00e9gionales\u00a0\u00bb &#8212; ICOM CECA\" frameborder=\"0\" marginwidth=\"0\" marginheight=\"0\" scrolling=\"no\"><\/iframe><\/p>\n","protected":false},"excerpt":{"rendered":"<p>La Biennale de l&#8217;\u00e9ducation au patrimoine 2020 (BEP20) &#8211; unique en son genre en Italie &#8211; inaugure une s\u00e9rie de conf\u00e9rences internationales au cours desquelles la communaut\u00e9 scientifique mondiale qui s&#8217;occupe de l&#8217;\u00e9ducation au patrimoine propose des th\u00e8mes de r\u00e9flexion et de futurs domaines de recherche. La conf\u00e9rence mettra en lumi\u00e8re \u00e0 la fois des [&hellip;]<\/p>\n","protected":false},"author":31,"featured_media":4359,"comment_status":"open","ping_status":"open","sticky":false,"template":"","format":"standard","meta":{"footnotes":""},"categories":[17],"tags":[],"yst_prominent_words":[1010,2692,1734,277,600,2690,2688,614,389,487,286,308,2693,602,2691,2689,291,2028,391,394],"acf":[],"_links":{"self":[{"href":"https:\/\/ceca.mini.icom.museum\/fr\/wp-json\/wp\/v2\/posts\/3882"}],"collection":[{"href":"https:\/\/ceca.mini.icom.museum\/fr\/wp-json\/wp\/v2\/posts"}],"about":[{"href":"https:\/\/ceca.mini.icom.museum\/fr\/wp-json\/wp\/v2\/types\/post"}],"author":[{"embeddable":true,"href":"https:\/\/ceca.mini.icom.museum\/fr\/wp-json\/wp\/v2\/users\/31"}],"replies":[{"embeddable":true,"href":"https:\/\/ceca.mini.icom.museum\/fr\/wp-json\/wp\/v2\/comments?post=3882"}],"version-history":[{"count":3,"href":"https:\/\/ceca.mini.icom.museum\/fr\/wp-json\/wp\/v2\/posts\/3882\/revisions"}],"predecessor-version":[{"id":3918,"href":"https:\/\/ceca.mini.icom.museum\/fr\/wp-json\/wp\/v2\/posts\/3882\/revisions\/3918"}],"wp:featuredmedia":[{"embeddable":true,"href":"https:\/\/ceca.mini.icom.museum\/fr\/wp-json\/wp\/v2\/media\/4359"}],"wp:attachment":[{"href":"https:\/\/ceca.mini.icom.museum\/fr\/wp-json\/wp\/v2\/media?parent=3882"}],"wp:term":[{"taxonomy":"category","embeddable":true,"href":"https:\/\/ceca.mini.icom.museum\/fr\/wp-json\/wp\/v2\/categories?post=3882"},{"taxonomy":"post_tag","embeddable":true,"href":"https:\/\/ceca.mini.icom.museum\/fr\/wp-json\/wp\/v2\/tags?post=3882"},{"taxonomy":"yst_prominent_words","embeddable":true,"href":"https:\/\/ceca.mini.icom.museum\/fr\/wp-json\/wp\/v2\/yst_prominent_words?post=3882"}],"curies":[{"name":"wp","href":"https:\/\/api.w.org\/{rel}","templated":true}]}}