{"id":5523,"date":"2020-08-25T16:08:40","date_gmt":"2020-08-25T16:08:40","guid":{"rendered":"http:\/\/ceca.mini.icom.museum\/?p=5523"},"modified":"2020-08-26T12:51:30","modified_gmt":"2020-08-26T12:51:30","slug":"groupe-dinteret-special-leducation-dans-les-musees-et-la-decolonisation","status":"publish","type":"post","link":"https:\/\/ceca.mini.icom.museum\/fr\/groupe-dinteret-special-leducation-dans-les-musees-et-la-decolonisation\/","title":{"rendered":"Groupe d&#8217;int\u00e9r\u00eat sp\u00e9cial &#8211; L&#8217;\u00e9ducation dans les mus\u00e9es et la d\u00e9colonisation."},"content":{"rendered":"<p><strong>L&#8217;\u00e9ducation dans les mus\u00e9es et la d\u00e9colonisation &#8211; CECA LAC<\/strong><br \/>\nCoordinateurs : Silvana Lovay &lt;sillovay[at]gmail.com&gt; et Fernanda Venegas &lt;fernandavenegas.a[at]gmail.com&gt;.<\/p>\n<p>\u00c9tudier les initiatives \u00e9ducatives qui abordent de mani\u00e8re critique la question de la colonisation dans les mus\u00e9es.<br \/>\nLe concept de &#8220;colonialit\u00e9&#8221;, invent\u00e9 par An\u00edbal Quijano, fait r\u00e9f\u00e9rence aux imaginaires coloniaux qui persistent encore aujourd&#8217;hui autour du pouvoir, de la connaissance, du genre et de la race (Quijano 1992).<br \/>\nEn ce sens, les mus\u00e9es ont traditionnellement jou\u00e9 le r\u00f4le de dispositifs \u00e9ducatifs civilisateurs, en promouvant certains types de connaissances et de savoir-faire. Cependant, de nombreux mus\u00e9es dans les pays qui ont \u00e9t\u00e9 colonis\u00e9s ont commenc\u00e9&#8230;<br \/>\n<strong><a href=\"http:\/\/ceca.mini.icom.museum\/wp-content\/uploads\/sites\/5\/2020\/08\/FR-SIG-education-et-decolonisation-1.pdf\" target=\"_blank\" rel=\"noopener\">Lire plus.<\/a><\/strong><\/p>\n<p><strong>Cr\u00e9dits photographiques :<\/strong><\/p>\n<ul>\n<li>Jeune noir tenant une corbeille de fruits et jeune fille caressant un chien. Antoine Coypel. Mus\u00e9e du Louvre, France.<\/li>\n<li>Photo extraite du livre &#8220;La cr\u00edtica de la colonialidad en ocho ensayos&#8221; de Rita Segato. Repr\u00e9sentation de Don Pedro II, empereur du Br\u00e9si, \u00e2g\u00e9 d&#8217;un an et demi, sur les genoux de sa nourrice. Huile de Jean-Baptiste Debret. Mus\u00e9e du palais imp\u00e9rial de Petropolis, Br\u00e9sil.<\/li>\n<li>Olympia. Et d\u00e9tail. \u00c9douard Manet. Mus\u00e9e du Louvre, France.<\/li>\n<\/ul>\n<p>&nbsp;<\/p>\n","protected":false},"excerpt":{"rendered":"<p>L&#8217;\u00e9ducation dans les mus\u00e9es et la d\u00e9colonisation &#8211; CECA LAC Coordinateurs : Silvana Lovay &lt;sillovay[at]gmail.com&gt; et Fernanda Venegas &lt;fernandavenegas.a[at]gmail.com&gt;. \u00c9tudier les initiatives \u00e9ducatives qui abordent de mani\u00e8re critique la question de la colonisation dans les mus\u00e9es. Le concept de &#8220;colonialit\u00e9&#8221;, invent\u00e9 par An\u00edbal Quijano, fait r\u00e9f\u00e9rence aux imaginaires coloniaux qui persistent encore aujourd&#8217;hui autour du [&hellip;]<\/p>\n","protected":false},"author":31,"featured_media":5518,"comment_status":"open","ping_status":"open","sticky":false,"template":"","format":"standard","meta":{"footnotes":""},"categories":[17],"tags":[],"yst_prominent_words":[1470,3604,2714,277,91,389,3625,3623,286,308,617,291,711,1820,3626,3624,3622,3621,2358,391],"acf":[],"_links":{"self":[{"href":"https:\/\/ceca.mini.icom.museum\/fr\/wp-json\/wp\/v2\/posts\/5523"}],"collection":[{"href":"https:\/\/ceca.mini.icom.museum\/fr\/wp-json\/wp\/v2\/posts"}],"about":[{"href":"https:\/\/ceca.mini.icom.museum\/fr\/wp-json\/wp\/v2\/types\/post"}],"author":[{"embeddable":true,"href":"https:\/\/ceca.mini.icom.museum\/fr\/wp-json\/wp\/v2\/users\/31"}],"replies":[{"embeddable":true,"href":"https:\/\/ceca.mini.icom.museum\/fr\/wp-json\/wp\/v2\/comments?post=5523"}],"version-history":[{"count":6,"href":"https:\/\/ceca.mini.icom.museum\/fr\/wp-json\/wp\/v2\/posts\/5523\/revisions"}],"predecessor-version":[{"id":5551,"href":"https:\/\/ceca.mini.icom.museum\/fr\/wp-json\/wp\/v2\/posts\/5523\/revisions\/5551"}],"wp:featuredmedia":[{"embeddable":true,"href":"https:\/\/ceca.mini.icom.museum\/fr\/wp-json\/wp\/v2\/media\/5518"}],"wp:attachment":[{"href":"https:\/\/ceca.mini.icom.museum\/fr\/wp-json\/wp\/v2\/media?parent=5523"}],"wp:term":[{"taxonomy":"category","embeddable":true,"href":"https:\/\/ceca.mini.icom.museum\/fr\/wp-json\/wp\/v2\/categories?post=5523"},{"taxonomy":"post_tag","embeddable":true,"href":"https:\/\/ceca.mini.icom.museum\/fr\/wp-json\/wp\/v2\/tags?post=5523"},{"taxonomy":"yst_prominent_words","embeddable":true,"href":"https:\/\/ceca.mini.icom.museum\/fr\/wp-json\/wp\/v2\/yst_prominent_words?post=5523"}],"curies":[{"name":"wp","href":"https:\/\/api.w.org\/{rel}","templated":true}]}}