{"id":5572,"date":"2020-08-27T09:01:25","date_gmt":"2020-08-27T09:01:25","guid":{"rendered":"http:\/\/ceca.mini.icom.museum\/?p=5572"},"modified":"2020-08-27T09:10:56","modified_gmt":"2020-08-27T09:10:56","slug":"education-museale-et-apprentissage-les-professions-oubliees%e2%80%89","status":"publish","type":"post","link":"https:\/\/ceca.mini.icom.museum\/fr\/education-museale-et-apprentissage-les-professions-oubliees%e2%80%89\/","title":{"rendered":"\u00c9ducation mus\u00e9ale et apprentissage : les professions oubli\u00e9es\u2009?"},"content":{"rendered":"<h4><strong>L\u2019\u00e9ducation mus\u00e9ale peut-elle servir de r\u00e9ponse \u00e0 la crise\u2009?<\/strong><\/h4>\n<p>Wencke Maderbacher :<br \/>\nLe r\u00e9cent confinement des mus\u00e9es d\u00fb \u00e0 la crise sanitaire mondiale a mis en lumi\u00e8re l\u2019efficacit\u00e9 des m\u00e9diateurs culturels et des \u00e9ducateurs du monde entier. Ceux-ci, quelques jours \u00e0 peine apr\u00e8s la fermeture des mus\u00e9es, ont d\u00e9velopp\u00e9 des programmes num\u00e9riques, tels que des visites virtuelles, des visites des coulisses des mus\u00e9es, des \u00e9nigmes en ligne, des compl\u00e9ments d\u2019apprentissage, ou encore des exp\u00e9riences.<\/p>\n<p><a href=\"https:\/\/icom.museum\/fr\/news\/education-museale-et-apprentissage-les-professions-oubliees%e2%80%89\/\" target=\"_blank\" rel=\"noopener\"><strong>Lire plus<\/strong><\/a><\/p>\n","protected":false},"excerpt":{"rendered":"<p>L\u2019\u00e9ducation mus\u00e9ale peut-elle servir de r\u00e9ponse \u00e0 la crise\u2009? Wencke Maderbacher : Le r\u00e9cent confinement des mus\u00e9es d\u00fb \u00e0 la crise sanitaire mondiale a mis en lumi\u00e8re l\u2019efficacit\u00e9 des m\u00e9diateurs culturels et des \u00e9ducateurs du monde entier. Ceux-ci, quelques jours \u00e0 peine apr\u00e8s la fermeture des mus\u00e9es, ont d\u00e9velopp\u00e9 des programmes num\u00e9riques, tels que des [&hellip;]<\/p>\n","protected":false},"author":31,"featured_media":5568,"comment_status":"open","ping_status":"open","sticky":false,"template":"","format":"standard","meta":{"footnotes":""},"categories":[17],"tags":[],"yst_prominent_words":[622,3634,3637,614,111,3636,286,291,3635,2358,3638],"acf":[],"_links":{"self":[{"href":"https:\/\/ceca.mini.icom.museum\/fr\/wp-json\/wp\/v2\/posts\/5572"}],"collection":[{"href":"https:\/\/ceca.mini.icom.museum\/fr\/wp-json\/wp\/v2\/posts"}],"about":[{"href":"https:\/\/ceca.mini.icom.museum\/fr\/wp-json\/wp\/v2\/types\/post"}],"author":[{"embeddable":true,"href":"https:\/\/ceca.mini.icom.museum\/fr\/wp-json\/wp\/v2\/users\/31"}],"replies":[{"embeddable":true,"href":"https:\/\/ceca.mini.icom.museum\/fr\/wp-json\/wp\/v2\/comments?post=5572"}],"version-history":[{"count":3,"href":"https:\/\/ceca.mini.icom.museum\/fr\/wp-json\/wp\/v2\/posts\/5572\/revisions"}],"predecessor-version":[{"id":5583,"href":"https:\/\/ceca.mini.icom.museum\/fr\/wp-json\/wp\/v2\/posts\/5572\/revisions\/5583"}],"wp:featuredmedia":[{"embeddable":true,"href":"https:\/\/ceca.mini.icom.museum\/fr\/wp-json\/wp\/v2\/media\/5568"}],"wp:attachment":[{"href":"https:\/\/ceca.mini.icom.museum\/fr\/wp-json\/wp\/v2\/media?parent=5572"}],"wp:term":[{"taxonomy":"category","embeddable":true,"href":"https:\/\/ceca.mini.icom.museum\/fr\/wp-json\/wp\/v2\/categories?post=5572"},{"taxonomy":"post_tag","embeddable":true,"href":"https:\/\/ceca.mini.icom.museum\/fr\/wp-json\/wp\/v2\/tags?post=5572"},{"taxonomy":"yst_prominent_words","embeddable":true,"href":"https:\/\/ceca.mini.icom.museum\/fr\/wp-json\/wp\/v2\/yst_prominent_words?post=5572"}],"curies":[{"name":"wp","href":"https:\/\/api.w.org\/{rel}","templated":true}]}}