{"id":5905,"date":"2020-12-03T17:04:58","date_gmt":"2020-12-03T17:04:58","guid":{"rendered":"http:\/\/ceca.mini.icom.museum\/?p=5905"},"modified":"2020-12-03T17:47:42","modified_gmt":"2020-12-03T17:47:42","slug":"avis-de-deces-irina-antonova","status":"publish","type":"post","link":"https:\/\/ceca.mini.icom.museum\/fr\/avis-de-deces-irina-antonova\/","title":{"rendered":"Avis de d\u00e9c\u00e8s : Irina Antonova, premi\u00e8re Pr\u00e9sidente du CECA"},"content":{"rendered":"<p>ICOM CECA perd avec Irina Alexandrovna Antonova (1922-2020), pr\u00e9sidente du Mus\u00e9e des Beaux-Arts Pouchkine \u00e0 Moscou &#8211; qu&#8217;elle dirigea pendant plus de cinquante ans &#8211; et membre honoraire de l\u2019ICOM, sa premi\u00e8re pr\u00e9sidente.<\/p>\n<p>De vice-pr\u00e9sidente nomm\u00e9e \u00e0 l\u2019occasion de la cr\u00e9ation du comit\u00e9 lors de la 7e Conf\u00e9rence g\u00e9n\u00e9rale de l\u2019ICOM \u00e0 New York en 1965, Mme Antonova en devint la premi\u00e8re pr\u00e9sidente en 1968 lors de la 8e Conf\u00e9rence g\u00e9n\u00e9rale \u00e0 Cologne et \u00e0 Munich, fonction qu\u2019elle occupa jusqu\u2019en 1974.<\/p>\n<p>Son r\u00f4le dans l\u2019organisation de la 1\u00e8re conf\u00e9rence du CECA \u00e0 Moscou et Leningrad en 1968 en r\u00e9ponse \u00e0 l\u2019invitation du comit\u00e9 national de l\u2019URSS sur le R\u00f4le de l\u2019\u00e9ducation dans les mus\u00e9es fut d\u00e9terminant pour l\u2019avenir du comit\u00e9.<\/p>\n<p>D\u00e8s 1969 paraissait sous sa pr\u00e9sidence la premi\u00e8re publication du comit\u00e9 &#8220;.<\/p>\n<p>Toutes nos pens\u00e9es vont \u00e0 ses proches, amis et coll\u00e8gues.<\/p>\n<p>(Texte de @nicolegeschekoning)<\/p>\n<blockquote class=\"wp-embedded-content\" data-secret=\"pxKu3FkbmL\"><p><a href=\"https:\/\/ceca.mini.icom.museum\/fr\/historique-du-comite\/des-premices-a-nos-jours\/\">Des pr\u00e9mices \u00e0 nos jours<\/a><\/p><\/blockquote>\n<p><iframe class=\"wp-embedded-content\" sandbox=\"allow-scripts\" security=\"restricted\" style=\"position: absolute; clip: rect(1px, 1px, 1px, 1px);\" src=\"https:\/\/ceca.mini.icom.museum\/fr\/historique-du-comite\/des-premices-a-nos-jours\/embed\/#?secret=pxKu3FkbmL\" data-secret=\"pxKu3FkbmL\" width=\"500\" height=\"282\" title=\"\u00ab\u00a0Des pr\u00e9mices \u00e0 nos jours\u00a0\u00bb &#8212; ICOM CECA\" frameborder=\"0\" marginwidth=\"0\" marginheight=\"0\" scrolling=\"no\"><\/iframe><\/p>\n","protected":false},"excerpt":{"rendered":"<p>ICOM CECA perd avec Irina Alexandrovna Antonova (1922-2020), pr\u00e9sidente du Mus\u00e9e des Beaux-Arts Pouchkine \u00e0 Moscou &#8211; qu&#8217;elle dirigea pendant plus de cinquante ans &#8211; et membre honoraire de l\u2019ICOM, sa premi\u00e8re pr\u00e9sidente. De vice-pr\u00e9sidente nomm\u00e9e \u00e0 l\u2019occasion de la cr\u00e9ation du comit\u00e9 lors de la 7e Conf\u00e9rence g\u00e9n\u00e9rale de l\u2019ICOM \u00e0 New York en [&hellip;]<\/p>\n","protected":false},"author":31,"featured_media":5908,"comment_status":"open","ping_status":"open","sticky":false,"template":"","format":"standard","meta":{"footnotes":""},"categories":[17],"tags":[],"yst_prominent_words":[3732,3726,3731,1818,277,1810,91,389,3725,286,3730,308,291,3729,3728,3724,3373,3727,1413],"acf":[],"_links":{"self":[{"href":"https:\/\/ceca.mini.icom.museum\/fr\/wp-json\/wp\/v2\/posts\/5905"}],"collection":[{"href":"https:\/\/ceca.mini.icom.museum\/fr\/wp-json\/wp\/v2\/posts"}],"about":[{"href":"https:\/\/ceca.mini.icom.museum\/fr\/wp-json\/wp\/v2\/types\/post"}],"author":[{"embeddable":true,"href":"https:\/\/ceca.mini.icom.museum\/fr\/wp-json\/wp\/v2\/users\/31"}],"replies":[{"embeddable":true,"href":"https:\/\/ceca.mini.icom.museum\/fr\/wp-json\/wp\/v2\/comments?post=5905"}],"version-history":[{"count":6,"href":"https:\/\/ceca.mini.icom.museum\/fr\/wp-json\/wp\/v2\/posts\/5905\/revisions"}],"predecessor-version":[{"id":5933,"href":"https:\/\/ceca.mini.icom.museum\/fr\/wp-json\/wp\/v2\/posts\/5905\/revisions\/5933"}],"wp:featuredmedia":[{"embeddable":true,"href":"https:\/\/ceca.mini.icom.museum\/fr\/wp-json\/wp\/v2\/media\/5908"}],"wp:attachment":[{"href":"https:\/\/ceca.mini.icom.museum\/fr\/wp-json\/wp\/v2\/media?parent=5905"}],"wp:term":[{"taxonomy":"category","embeddable":true,"href":"https:\/\/ceca.mini.icom.museum\/fr\/wp-json\/wp\/v2\/categories?post=5905"},{"taxonomy":"post_tag","embeddable":true,"href":"https:\/\/ceca.mini.icom.museum\/fr\/wp-json\/wp\/v2\/tags?post=5905"},{"taxonomy":"yst_prominent_words","embeddable":true,"href":"https:\/\/ceca.mini.icom.museum\/fr\/wp-json\/wp\/v2\/yst_prominent_words?post=5905"}],"curies":[{"name":"wp","href":"https:\/\/api.w.org\/{rel}","templated":true}]}}