{"id":6342,"date":"2021-01-25T22:12:53","date_gmt":"2021-01-25T22:12:53","guid":{"rendered":"http:\/\/ceca.mini.icom.museum\/?p=6342"},"modified":"2021-01-25T22:14:17","modified_gmt":"2021-01-25T22:14:17","slug":"atelier-de-formation-a-la-recherche-appliquee-2021","status":"publish","type":"post","link":"https:\/\/ceca.mini.icom.museum\/fr\/atelier-de-formation-a-la-recherche-appliquee-2021\/","title":{"rendered":"Atelier de formation \u00e0 la recherche appliqu\u00e9e 2021"},"content":{"rendered":"<p><strong>Am\u00e9liorer l\u2019efficacit\u00e9 d\u2019un programme \u00e9ducatif ou culturel, ou la qualit\u00e9 d\u2019un projet de recherche<\/strong><\/p>\n<p>Le CECA souhaite encourager la recherche en mati\u00e8re d\u2019\u00e9ducation et d\u2019action culturelle et am\u00e9liorer l\u2019efficacit\u00e9 des propositions faites par les mus\u00e9es \u00e0 leurs publics par le biais de la recherche appliqu\u00e9e.<br \/>\n&lt;<a href=\"https:\/\/ceca.mini.icom.museum\/fr\/prix-recherche\/atelier-de-formation-a-la-recherche-appliquee\/\" target=\"_blank\" rel=\"noopener\">Lire plus<\/a>&gt;<\/p>\n","protected":false},"excerpt":{"rendered":"<p>Am\u00e9liorer l\u2019efficacit\u00e9 d\u2019un programme \u00e9ducatif ou culturel, ou la qualit\u00e9 d\u2019un projet de recherche Le CECA souhaite encourager la recherche en mati\u00e8re d\u2019\u00e9ducation et d\u2019action culturelle et am\u00e9liorer l\u2019efficacit\u00e9 des propositions faites par les mus\u00e9es \u00e0 leurs publics par le biais de la recherche appliqu\u00e9e. &lt;Lire plus&gt;<\/p>\n","protected":false},"author":31,"featured_media":6343,"comment_status":"open","ping_status":"open","sticky":false,"template":"","format":"standard","meta":{"footnotes":""},"categories":[17],"tags":[],"yst_prominent_words":[3989,3885,1081,277,308,3990,291,629,395,1080,708,310],"acf":[],"_links":{"self":[{"href":"https:\/\/ceca.mini.icom.museum\/fr\/wp-json\/wp\/v2\/posts\/6342"}],"collection":[{"href":"https:\/\/ceca.mini.icom.museum\/fr\/wp-json\/wp\/v2\/posts"}],"about":[{"href":"https:\/\/ceca.mini.icom.museum\/fr\/wp-json\/wp\/v2\/types\/post"}],"author":[{"embeddable":true,"href":"https:\/\/ceca.mini.icom.museum\/fr\/wp-json\/wp\/v2\/users\/31"}],"replies":[{"embeddable":true,"href":"https:\/\/ceca.mini.icom.museum\/fr\/wp-json\/wp\/v2\/comments?post=6342"}],"version-history":[{"count":3,"href":"https:\/\/ceca.mini.icom.museum\/fr\/wp-json\/wp\/v2\/posts\/6342\/revisions"}],"predecessor-version":[{"id":6348,"href":"https:\/\/ceca.mini.icom.museum\/fr\/wp-json\/wp\/v2\/posts\/6342\/revisions\/6348"}],"wp:featuredmedia":[{"embeddable":true,"href":"https:\/\/ceca.mini.icom.museum\/fr\/wp-json\/wp\/v2\/media\/6343"}],"wp:attachment":[{"href":"https:\/\/ceca.mini.icom.museum\/fr\/wp-json\/wp\/v2\/media?parent=6342"}],"wp:term":[{"taxonomy":"category","embeddable":true,"href":"https:\/\/ceca.mini.icom.museum\/fr\/wp-json\/wp\/v2\/categories?post=6342"},{"taxonomy":"post_tag","embeddable":true,"href":"https:\/\/ceca.mini.icom.museum\/fr\/wp-json\/wp\/v2\/tags?post=6342"},{"taxonomy":"yst_prominent_words","embeddable":true,"href":"https:\/\/ceca.mini.icom.museum\/fr\/wp-json\/wp\/v2\/yst_prominent_words?post=6342"}],"curies":[{"name":"wp","href":"https:\/\/api.w.org\/{rel}","templated":true}]}}