{"id":7097,"date":"2021-08-30T12:53:12","date_gmt":"2021-08-30T12:53:12","guid":{"rendered":"https:\/\/ceca.mini.icom.museum\/?p=7097"},"modified":"2021-08-31T17:13:44","modified_gmt":"2021-08-31T17:13:44","slug":"hommage-a-inga-karaia-presidente-dicom-georgia","status":"publish","type":"post","link":"https:\/\/ceca.mini.icom.museum\/fr\/hommage-a-inga-karaia-presidente-dicom-georgia\/","title":{"rendered":"Hommage \u00e0 Inga Karaia, Pr\u00e9sidente d&#8217;ICOM Georgia"},"content":{"rendered":"<p><strong>Hommage \u00e0 Inga Karaia<\/strong><br \/>\n<strong>Pr\u00e9sidente ICOM Georgie,<\/strong><br \/>\n<strong>Professeur \u00e0 l&#8217;Universit\u00e9 du Caucase<\/strong><\/p>\n<p>Docteur en sciences humaines, professeur \u00e0 l&#8217;Universit\u00e9 du Caucase, Inga Karaia a travaill\u00e9 dans les domaines de la mus\u00e9ologie et du patrimoine culturel, de l&#8217;histoire et de la th\u00e9orie de l&#8217;art.<br \/>\nSes m\u00e9rites dans le domaine des mus\u00e9es et de l&#8217;art sont innombrables.<\/p>\n<p>Inga Karaia \u00e9tait une professionnelle et une sp\u00e9cialiste des mus\u00e9es de renomm\u00e9e internationale. En 2007, avec ses coll\u00e8gues, elle a fond\u00e9 l&#8217;ICOM Georgia, et depuis sa cr\u00e9ation, elle a \u00e9t\u00e9 l&#8217;initiatrice et la r\u00e9alisatrice de nombreux projets de petite et grande envergure aux niveaux national, r\u00e9gional et international.<\/p>\n<p>Pour la premi\u00e8re fois en G\u00e9orgie, elle a fond\u00e9 et dirig\u00e9 le programme de master en mus\u00e9ologie de l&#8217;Acad\u00e9mie d&#8217;\u00c9tat des arts de Tbilissi, dont les dipl\u00f4m\u00e9s travaillent aujourd&#8217;hui dans de nombreux mus\u00e9es et participent activement au d\u00e9veloppement actuel des mus\u00e9es.<\/p>\n<p>Inga Karaia \u00e9tait directrice ex\u00e9cutive de l&#8217;Association des mus\u00e9es g\u00e9orgiens. Elle a \u00e9t\u00e9 chef du d\u00e9partement des mus\u00e9es et conseill\u00e8re du ministre au minist\u00e8re de la Culture et de la Protection des monuments de G\u00e9orgie (2001-2014), chef du d\u00e9partement des expositions \u00e0 la Pinacoth\u00e8que nationale de G\u00e9orgie (1984-2001), collaboratrice scientifique senior \u00e0 l&#8217;Institut national d&#8217;histoire, d&#8217;arch\u00e9ologie et d&#8217;ethnographie (1978-1984). Elle est l&#8217;auteur de plus de 80 publications scientifiques, m\u00e9thodologiques et autres sur l&#8217;histoire de l&#8217;art, la protection du patrimoine culturel, la politique culturelle et les questions de mus\u00e9ologie.<\/p>\n<p>A cette biographie impressionnante, reconnue par tous les professionnels de l&#8217;ICOM, je voudrais ajouter une dimension sp\u00e9cifique pour le CECA. Inga \u00e9tait profond\u00e9ment int\u00e9ress\u00e9e par les questions d&#8217;\u00e9ducation et venait tr\u00e8s fr\u00e9quemment aux r\u00e9unions du CECA. Elle a organis\u00e9 deux sessions r\u00e9gionales de formation CECA, l&#8217;une \u00e0 Erevan, l&#8217;autre \u00e0 Tbilissi, r\u00e9unissant des participants venant de la r\u00e9gion du Caucase du Sud, de G\u00e9orgie, d&#8217;Arm\u00e9nie, d&#8217;Azerba\u00efdjan, agissant comme un agent de paix au-del\u00e0 des diff\u00e9rences de langue, d&#8217;alphabet et de politique. Le CECA a toujours \u00e9t\u00e9 accueilli avec chaleur et enthousiasme par elle et par tous les membres de sa famille qu&#8217;elle a r\u00e9ussi \u00e0 impliquer dans sa passion pour les mus\u00e9es.<br \/>\nICOM G\u00e9orgie a accueilli en 2018, de mani\u00e8re m\u00e9morable, la conf\u00e9rence annuelle du CECA.<\/p>\n<p>Tous ceux qui ont connu Inga pleureront la perte d&#8217;une figure mus\u00e9ale essentielle et d&#8217;une amie ch\u00e8re.<\/p>\n<p>Marie Clart\u00e9 O\u2019Neill<br \/>\nPr\u00e9sidente du CECA<\/p>\n<p>&nbsp;<\/p>\n<p><img decoding=\"async\" loading=\"lazy\" class=\"aligncenter wp-image-7103 size-full\" src=\"https:\/\/ceca.mini.icom.museum\/wp-content\/uploads\/sites\/5\/2021\/08\/barre-3-inga-gris-700px-01.jpg\" alt=\"\" width=\"700\" height=\"287\" srcset=\"https:\/\/ceca.mini.icom.museum\/wp-content\/uploads\/sites\/5\/2021\/08\/barre-3-inga-gris-700px-01.jpg 700w, https:\/\/ceca.mini.icom.museum\/wp-content\/uploads\/sites\/5\/2021\/08\/barre-3-inga-gris-700px-01-300x123.jpg 300w\" sizes=\"(max-width: 700px) 100vw, 700px\" \/><\/p>\n<p><img decoding=\"async\" loading=\"lazy\" class=\"aligncenter wp-image-7109 size-full\" src=\"https:\/\/ceca.mini.icom.museum\/wp-content\/uploads\/sites\/5\/2021\/08\/inga-ceca-13.jpg\" alt=\"\" width=\"704\" height=\"307\" srcset=\"https:\/\/ceca.mini.icom.museum\/wp-content\/uploads\/sites\/5\/2021\/08\/inga-ceca-13.jpg 704w, https:\/\/ceca.mini.icom.museum\/wp-content\/uploads\/sites\/5\/2021\/08\/inga-ceca-13-300x131.jpg 300w\" sizes=\"(max-width: 704px) 100vw, 704px\" \/><\/p>\n<p><img decoding=\"async\" loading=\"lazy\" class=\"aligncenter wp-image-7106 size-full\" src=\"https:\/\/ceca.mini.icom.museum\/wp-content\/uploads\/sites\/5\/2021\/08\/inga-ceca-11.jpg\" alt=\"\" width=\"704\" height=\"225\" srcset=\"https:\/\/ceca.mini.icom.museum\/wp-content\/uploads\/sites\/5\/2021\/08\/inga-ceca-11.jpg 704w, https:\/\/ceca.mini.icom.museum\/wp-content\/uploads\/sites\/5\/2021\/08\/inga-ceca-11-300x96.jpg 300w\" sizes=\"(max-width: 704px) 100vw, 704px\" \/><!--more--><\/p>\n<p><img decoding=\"async\" loading=\"lazy\" class=\"aligncenter wp-image-7112 size-full\" src=\"https:\/\/ceca.mini.icom.museum\/wp-content\/uploads\/sites\/5\/2021\/08\/inga-ceca-12.jpg\" alt=\"\" width=\"704\" height=\"281\" srcset=\"https:\/\/ceca.mini.icom.museum\/wp-content\/uploads\/sites\/5\/2021\/08\/inga-ceca-12.jpg 704w, https:\/\/ceca.mini.icom.museum\/wp-content\/uploads\/sites\/5\/2021\/08\/inga-ceca-12-300x120.jpg 300w\" sizes=\"(max-width: 704px) 100vw, 704px\" \/><!--more--><\/p>\n<p><img decoding=\"async\" loading=\"lazy\" class=\"aligncenter wp-image-7115 size-full\" src=\"https:\/\/ceca.mini.icom.museum\/wp-content\/uploads\/sites\/5\/2021\/08\/inga-ceca-14.jpg\" alt=\"\" width=\"704\" height=\"336\" srcset=\"https:\/\/ceca.mini.icom.museum\/wp-content\/uploads\/sites\/5\/2021\/08\/inga-ceca-14.jpg 704w, https:\/\/ceca.mini.icom.museum\/wp-content\/uploads\/sites\/5\/2021\/08\/inga-ceca-14-300x143.jpg 300w\" sizes=\"(max-width: 704px) 100vw, 704px\" \/><\/p>\n<p><img decoding=\"async\" loading=\"lazy\" class=\"aligncenter wp-image-7119 size-full\" src=\"https:\/\/ceca.mini.icom.museum\/wp-content\/uploads\/sites\/5\/2021\/08\/inga-ceca-10.jpg\" alt=\"\" width=\"704\" height=\"400\" srcset=\"https:\/\/ceca.mini.icom.museum\/wp-content\/uploads\/sites\/5\/2021\/08\/inga-ceca-10.jpg 704w, https:\/\/ceca.mini.icom.museum\/wp-content\/uploads\/sites\/5\/2021\/08\/inga-ceca-10-300x170.jpg 300w\" sizes=\"(max-width: 704px) 100vw, 704px\" \/><!--more--><\/p>\n<p>&nbsp;<\/p>\n<p>&nbsp;<\/p>\n<p><!--more--><\/p>\n","protected":false},"excerpt":{"rendered":"<p>Hommage \u00e0 Inga Karaia Pr\u00e9sidente ICOM Georgie, Professeur \u00e0 l&#8217;Universit\u00e9 du Caucase Docteur en sciences humaines, professeur \u00e0 l&#8217;Universit\u00e9 du Caucase, Inga Karaia a travaill\u00e9 dans les domaines de la mus\u00e9ologie et du patrimoine culturel, de l&#8217;histoire et de la th\u00e9orie de l&#8217;art. Ses m\u00e9rites dans le domaine des mus\u00e9es et de l&#8217;art sont innombrables. [&hellip;]<\/p>\n","protected":false},"author":31,"featured_media":7099,"comment_status":"open","ping_status":"open","sticky":false,"template":"","format":"standard","meta":{"footnotes":""},"categories":[17],"tags":[],"yst_prominent_words":[91,111,617],"acf":[],"_links":{"self":[{"href":"https:\/\/ceca.mini.icom.museum\/fr\/wp-json\/wp\/v2\/posts\/7097"}],"collection":[{"href":"https:\/\/ceca.mini.icom.museum\/fr\/wp-json\/wp\/v2\/posts"}],"about":[{"href":"https:\/\/ceca.mini.icom.museum\/fr\/wp-json\/wp\/v2\/types\/post"}],"author":[{"embeddable":true,"href":"https:\/\/ceca.mini.icom.museum\/fr\/wp-json\/wp\/v2\/users\/31"}],"replies":[{"embeddable":true,"href":"https:\/\/ceca.mini.icom.museum\/fr\/wp-json\/wp\/v2\/comments?post=7097"}],"version-history":[{"count":8,"href":"https:\/\/ceca.mini.icom.museum\/fr\/wp-json\/wp\/v2\/posts\/7097\/revisions"}],"predecessor-version":[{"id":7132,"href":"https:\/\/ceca.mini.icom.museum\/fr\/wp-json\/wp\/v2\/posts\/7097\/revisions\/7132"}],"wp:featuredmedia":[{"embeddable":true,"href":"https:\/\/ceca.mini.icom.museum\/fr\/wp-json\/wp\/v2\/media\/7099"}],"wp:attachment":[{"href":"https:\/\/ceca.mini.icom.museum\/fr\/wp-json\/wp\/v2\/media?parent=7097"}],"wp:term":[{"taxonomy":"category","embeddable":true,"href":"https:\/\/ceca.mini.icom.museum\/fr\/wp-json\/wp\/v2\/categories?post=7097"},{"taxonomy":"post_tag","embeddable":true,"href":"https:\/\/ceca.mini.icom.museum\/fr\/wp-json\/wp\/v2\/tags?post=7097"},{"taxonomy":"yst_prominent_words","embeddable":true,"href":"https:\/\/ceca.mini.icom.museum\/fr\/wp-json\/wp\/v2\/yst_prominent_words?post=7097"}],"curies":[{"name":"wp","href":"https:\/\/api.w.org\/{rel}","templated":true}]}}