{"id":7558,"date":"2021-11-23T12:08:19","date_gmt":"2021-11-23T12:08:19","guid":{"rendered":"https:\/\/ceca.mini.icom.museum\/?p=7558"},"modified":"2021-11-23T12:16:46","modified_gmt":"2021-11-23T12:16:46","slug":"xiieme-reunion-regionale-confluence-de-voix-pour-leducation-et-les-musees","status":"publish","type":"post","link":"https:\/\/ceca.mini.icom.museum\/fr\/xiieme-reunion-regionale-confluence-de-voix-pour-leducation-et-les-musees\/","title":{"rendered":"XII\u00e8me r\u00e9union r\u00e9gionale &#8220;Confluence de voix pour l&#8217;\u00e9ducation et les mus\u00e9es&#8221;."},"content":{"rendered":"<p>Depuis le Comit\u00e9 d&#8217;\u00e9ducation et d&#8217;action culturelle pour l&#8217;Am\u00e9rique latine et les Cara\u00efbes &#8211; ICOM CECA LAC et la Direction internationale et culturelle du gouvernement provincial de Los R\u00edos, nous r\u00e9aliserons la<strong> XII\u00e8me r\u00e9union r\u00e9gionale &#8220;Confluence de voix pour l&#8217;\u00e9ducation et les mus\u00e9es&#8221;.<\/strong><\/p>\n<p>Les \u00e9ducateurs des mus\u00e9es et espaces culturels de toute notre r\u00e9gion se r\u00e9uniront lors de cette nouvelle \u00e9dition, via la plateforme ZOOM, du jeudi 25 au samedi 27 novembre 2021, de 08h00 \u00e0 17h00 (heure \u00e9quatorienne).<br \/>\nLa participation est gratuite.<br \/>\n<strong>Plus d&#8217;informations : cecalacecuador2021[at]gmail.com<\/strong><\/p>\n<p><img decoding=\"async\" loading=\"lazy\" class=\"alignnone size-medium wp-image-7554\" src=\"https:\/\/ceca.mini.icom.museum\/wp-content\/uploads\/sites\/5\/2021\/11\/Afiche-Encuentro-Regional-CECA-LAC-216x300.jpg\" alt=\"\" width=\"216\" height=\"300\" srcset=\"https:\/\/ceca.mini.icom.museum\/wp-content\/uploads\/sites\/5\/2021\/11\/Afiche-Encuentro-Regional-CECA-LAC-216x300.jpg 216w, https:\/\/ceca.mini.icom.museum\/wp-content\/uploads\/sites\/5\/2021\/11\/Afiche-Encuentro-Regional-CECA-LAC-738x1024.jpg 738w, https:\/\/ceca.mini.icom.museum\/wp-content\/uploads\/sites\/5\/2021\/11\/Afiche-Encuentro-Regional-CECA-LAC-768x1066.jpg 768w, https:\/\/ceca.mini.icom.museum\/wp-content\/uploads\/sites\/5\/2021\/11\/Afiche-Encuentro-Regional-CECA-LAC-1107x1536.jpg 1107w, https:\/\/ceca.mini.icom.museum\/wp-content\/uploads\/sites\/5\/2021\/11\/Afiche-Encuentro-Regional-CECA-LAC-1475x2048.jpg 1475w, https:\/\/ceca.mini.icom.museum\/wp-content\/uploads\/sites\/5\/2021\/11\/Afiche-Encuentro-Regional-CECA-LAC-scaled.jpg 1844w\" sizes=\"(max-width: 216px) 100vw, 216px\" \/><\/p>\n<p>&nbsp;<\/p>\n<p><a href=\"https:\/\/ceca.mini.icom.museum\/wp-content\/uploads\/sites\/5\/2021\/11\/Comunicaci\u00a6n-XII-ENCUENTRO-REGIONAL-CECA-LAC.pdf\" target=\"_blank\" rel=\"noopener\">Communication<\/a><\/p>\n<p><a href=\"https:\/\/ceca.mini.icom.museum\/wp-content\/uploads\/sites\/5\/2021\/11\/Programa-XII-Encuentro-Regional-CECA-LAC-2021.pdf\" target=\"_blank\" rel=\"noopener\">Programme<\/a><\/p>\n","protected":false},"excerpt":{"rendered":"<p>Depuis le Comit\u00e9 d&#8217;\u00e9ducation et d&#8217;action culturelle pour l&#8217;Am\u00e9rique latine et les Cara\u00efbes &#8211; ICOM CECA LAC et la Direction internationale et culturelle du gouvernement provincial de Los R\u00edos, nous r\u00e9aliserons la XII\u00e8me r\u00e9union r\u00e9gionale &#8220;Confluence de voix pour l&#8217;\u00e9ducation et les mus\u00e9es&#8221;. Les \u00e9ducateurs des mus\u00e9es et espaces culturels de toute notre r\u00e9gion se [&hellip;]<\/p>\n","protected":false},"author":31,"featured_media":7545,"comment_status":"open","ping_status":"open","sticky":false,"template":"","format":"standard","meta":{"footnotes":""},"categories":[17],"tags":[],"yst_prominent_words":[280,277,389,308,1079,291,711,2358,312],"acf":[],"_links":{"self":[{"href":"https:\/\/ceca.mini.icom.museum\/fr\/wp-json\/wp\/v2\/posts\/7558"}],"collection":[{"href":"https:\/\/ceca.mini.icom.museum\/fr\/wp-json\/wp\/v2\/posts"}],"about":[{"href":"https:\/\/ceca.mini.icom.museum\/fr\/wp-json\/wp\/v2\/types\/post"}],"author":[{"embeddable":true,"href":"https:\/\/ceca.mini.icom.museum\/fr\/wp-json\/wp\/v2\/users\/31"}],"replies":[{"embeddable":true,"href":"https:\/\/ceca.mini.icom.museum\/fr\/wp-json\/wp\/v2\/comments?post=7558"}],"version-history":[{"count":2,"href":"https:\/\/ceca.mini.icom.museum\/fr\/wp-json\/wp\/v2\/posts\/7558\/revisions"}],"predecessor-version":[{"id":7560,"href":"https:\/\/ceca.mini.icom.museum\/fr\/wp-json\/wp\/v2\/posts\/7558\/revisions\/7560"}],"wp:featuredmedia":[{"embeddable":true,"href":"https:\/\/ceca.mini.icom.museum\/fr\/wp-json\/wp\/v2\/media\/7545"}],"wp:attachment":[{"href":"https:\/\/ceca.mini.icom.museum\/fr\/wp-json\/wp\/v2\/media?parent=7558"}],"wp:term":[{"taxonomy":"category","embeddable":true,"href":"https:\/\/ceca.mini.icom.museum\/fr\/wp-json\/wp\/v2\/categories?post=7558"},{"taxonomy":"post_tag","embeddable":true,"href":"https:\/\/ceca.mini.icom.museum\/fr\/wp-json\/wp\/v2\/tags?post=7558"},{"taxonomy":"yst_prominent_words","embeddable":true,"href":"https:\/\/ceca.mini.icom.museum\/fr\/wp-json\/wp\/v2\/yst_prominent_words?post=7558"}],"curies":[{"name":"wp","href":"https:\/\/api.w.org\/{rel}","templated":true}]}}