{"id":7664,"date":"2022-01-18T13:03:05","date_gmt":"2022-01-18T13:03:05","guid":{"rendered":"https:\/\/ceca.mini.icom.museum\/?p=7664"},"modified":"2022-04-01T22:21:18","modified_gmt":"2022-04-01T22:21:18","slug":"appel-a-communication-ceca-2022-prague","status":"publish","type":"post","link":"https:\/\/ceca.mini.icom.museum\/fr\/appel-a-communication-ceca-2022-prague\/","title":{"rendered":"Appel \u00e0 communication &#8211; CECA 2022 Prague"},"content":{"rendered":"<h4><img decoding=\"async\" loading=\"lazy\" class=\"alignnone wp-image-7666\" src=\"https:\/\/ceca.mini.icom.museum\/wp-content\/uploads\/sites\/5\/2022\/01\/visuel-icom-prague-CECA-600px-05.jpg\" alt=\"\" width=\"400\" height=\"175\" srcset=\"https:\/\/ceca.mini.icom.museum\/wp-content\/uploads\/sites\/5\/2022\/01\/visuel-icom-prague-CECA-600px-05.jpg 600w, https:\/\/ceca.mini.icom.museum\/wp-content\/uploads\/sites\/5\/2022\/01\/visuel-icom-prague-CECA-600px-05-300x132.jpg 300w\" sizes=\"(max-width: 400px) 100vw, 400px\" \/><\/h4>\n<h4><strong>La prochaine conf\u00e9rence annuelle du CECA se tiendra \u00e0 Prague, pendant la Conf\u00e9rence G\u00e9n\u00e9rale de l&#8217;ICOM<\/strong>,\u00a0 du 20 au 28 ao\u00fbt 2022.<br \/>\n&#8220;Le pouvoir des mus\u00e9es&#8221; est le th\u00e8me principal de la 26\u00e8me conf\u00e9rence g\u00e9n\u00e9rale de l&#8217;ICOM.<\/h4>\n<hr \/>\n<p><strong>En suivant le th\u00e8me principal de la 26\u00e8me conf\u00e9rence g\u00e9n\u00e9rale, CECA organise ses sessions sp\u00e9cifiques CECA\u00a0<em> le 23 ao\u00fbt 2022<\/em> : <em>&#8220;Augmenter le pouvoir, l&#8217;\u00e9ducation mus\u00e9ale et les nouvelles technologies&#8221;<\/em>.<br \/>\n<\/strong><\/p>\n<p>Nous allons examiner de plus pr\u00e8s la relation entre les nouvelles technologies et l&#8217;apprentissage dans les mus\u00e9es et explorer comment \u00e9largir les possibilit\u00e9s d&#8217;apprentissage et renforcer le pouvoir des publics. L&#8217;objectif de cette conf\u00e9rence est de promouvoir le dialogue, de partager des exemples et des id\u00e9es ainsi que des recherches.<\/p>\n<p><strong>Les th\u00e8mes potentiels incluent, mais ne sont pas limit\u00e9s \u00e0 :<\/strong><\/p>\n<ul>\n<li>les avantages et les limites des technologies \u00e9mergentes dans l&#8217;\u00e9ducation mus\u00e9ale.<\/li>\n<li>\u00c9tudes de cas de mises en \u0153uvre r\u00e9ussies ou non des nouvelles technologies dans l&#8217;apprentissage.<\/li>\n<li>Nouvelles technologies et accessibilit\u00e9.<\/li>\n<li>Comment combler les lacunes.<\/li>\n<li>Technologies \u00e9mergentes pour les mus\u00e9es post-pand\u00e9miques<\/li>\n<li>\u00c9thique, nouvelles technologies et apprentissage dans les mus\u00e9es<\/li>\n<\/ul>\n<p><strong>Formats des pr\u00e9sentations :<\/strong><\/p>\n<ul>\n<li>Document de recherche 20&#8242;<\/li>\n<li>Document th\u00e9matique 15&#8242;<\/li>\n<li>March\u00e9 aux id\u00e9es 7&#8242;<\/li>\n<li>Posters<\/li>\n<\/ul>\n<p>La conf\u00e9rence se d\u00e9roulera sous un format hybride (sur site + en ligne).<br \/>\nLes posters seront pr\u00e9sent\u00e9s uniquement en format virtuel et <strong>pourront bient\u00f4t \u00eatre t\u00e9l\u00e9charg\u00e9s via la plateforme g\u00e9n\u00e9rale de conf\u00e9rence en ligne<\/strong>, ce qui rendra leur pr\u00e9sentation plus facile et plus accessible \u00e0 tous.<\/p>\n<p><strong>Informations.\u00a0 <\/strong>Contactez Zeljka Jelavic &lt;<em>zjelavic[at]emz.hr<\/em>&gt;<\/p>\n<p>&nbsp;<\/p>\n<p>&nbsp;<\/p>\n","protected":false},"excerpt":{"rendered":"<p>La prochaine conf\u00e9rence annuelle du CECA se tiendra \u00e0 Prague, pendant la Conf\u00e9rence G\u00e9n\u00e9rale de l&#8217;ICOM,\u00a0 du 20 au 28 ao\u00fbt 2022. &#8220;Le pouvoir des mus\u00e9es&#8221; est le th\u00e8me principal de la 26\u00e8me conf\u00e9rence g\u00e9n\u00e9rale de l&#8217;ICOM. En suivant le th\u00e8me principal de la 26\u00e8me conf\u00e9rence g\u00e9n\u00e9rale, CECA organise ses sessions sp\u00e9cifiques CECA\u00a0 le 23 [&hellip;]<\/p>\n","protected":false},"author":31,"featured_media":7670,"comment_status":"open","ping_status":"open","sticky":false,"template":"","format":"standard","meta":{"footnotes":""},"categories":[17],"tags":[],"yst_prominent_words":[1812,1811,1813],"acf":[],"_links":{"self":[{"href":"https:\/\/ceca.mini.icom.museum\/fr\/wp-json\/wp\/v2\/posts\/7664"}],"collection":[{"href":"https:\/\/ceca.mini.icom.museum\/fr\/wp-json\/wp\/v2\/posts"}],"about":[{"href":"https:\/\/ceca.mini.icom.museum\/fr\/wp-json\/wp\/v2\/types\/post"}],"author":[{"embeddable":true,"href":"https:\/\/ceca.mini.icom.museum\/fr\/wp-json\/wp\/v2\/users\/31"}],"replies":[{"embeddable":true,"href":"https:\/\/ceca.mini.icom.museum\/fr\/wp-json\/wp\/v2\/comments?post=7664"}],"version-history":[{"count":8,"href":"https:\/\/ceca.mini.icom.museum\/fr\/wp-json\/wp\/v2\/posts\/7664\/revisions"}],"predecessor-version":[{"id":8721,"href":"https:\/\/ceca.mini.icom.museum\/fr\/wp-json\/wp\/v2\/posts\/7664\/revisions\/8721"}],"wp:featuredmedia":[{"embeddable":true,"href":"https:\/\/ceca.mini.icom.museum\/fr\/wp-json\/wp\/v2\/media\/7670"}],"wp:attachment":[{"href":"https:\/\/ceca.mini.icom.museum\/fr\/wp-json\/wp\/v2\/media?parent=7664"}],"wp:term":[{"taxonomy":"category","embeddable":true,"href":"https:\/\/ceca.mini.icom.museum\/fr\/wp-json\/wp\/v2\/categories?post=7664"},{"taxonomy":"post_tag","embeddable":true,"href":"https:\/\/ceca.mini.icom.museum\/fr\/wp-json\/wp\/v2\/tags?post=7664"},{"taxonomy":"yst_prominent_words","embeddable":true,"href":"https:\/\/ceca.mini.icom.museum\/fr\/wp-json\/wp\/v2\/yst_prominent_words?post=7664"}],"curies":[{"name":"wp","href":"https:\/\/api.w.org\/{rel}","templated":true}]}}