{"id":8115,"date":"2019-09-09T10:45:57","date_gmt":"2019-09-09T10:45:57","guid":{"rendered":"https:\/\/ceca.mini.icom.museum\/?p=8115"},"modified":"2022-02-09T10:46:51","modified_gmt":"2022-02-09T10:46:51","slug":"message-de-la-presidente","status":"publish","type":"post","link":"https:\/\/ceca.mini.icom.museum\/fr\/message-de-la-presidente\/","title":{"rendered":"Message de la Pr\u00e9sidente"},"content":{"rendered":"<h1><span style=\"color: #474747; font-family: Georgia; font-size: 15px;\"><img decoding=\"async\" loading=\"lazy\" class=\" wp-image-1783 alignleft\" src=\"https:\/\/ceca.mini.icom.museum\/wp-content\/uploads\/sites\/5\/2019\/09\/marie-Clart\u00e9_ONEILL_a.jpg\" alt=\"\" width=\"150\" height=\"173\" \/>Chers membres du CECA,<\/span><\/h1>\n<div id=\"RTE_CONTENT\">\n<div id=\"c10383\" class=\"csc-default\">\n<p class=\"bodytext\">Me voici donc pr\u00e9sidente du CECA apr\u00e8s tant d\u2019ann\u00e9es d\u2019activit\u00e9s diverses en son sein. Je le prends comme un honneur mais aussi comme une responsabilit\u00e9 importante.<\/p>\n<p class=\"bodytext\">Je voudrai tour d\u2019abord saluer l\u2019activit\u00e9 du Bureau pr\u00e9c\u00e9dent qui, sous la direction de Mila Chiovatto , outre les activit\u00e9s traditionnelles du CECA, en a fait progresser de mani\u00e8re importante l\u2019organisation int\u00e9rieure. Qu\u2019ils en soient tous ici remerci\u00e9s.<\/p>\n<p class=\"bodytext\">Sur ces bases solides et aid\u00e9e d\u2019un bureau \u00e0 la fois d\u2019\u00e2ges, d\u2019expertises, d\u2019origines et de langues diverses, je souhaiterais orienter, avec votre aide, l\u2019activit\u00e9 de notre comit\u00e9 dans plusieurs directions prioritaires :<\/p>\n<ul>\n<li><b>La communication en direction des membres<\/b>\u00a0devra \u00eatre renforc\u00e9e de deux mani\u00e8res compl\u00e9mentaires :<\/li>\n<\/ul>\n<ol>\n<li>Par une n\u00e9cessaire mise \u00e0 niveau des listes de membres, insuffisamment mise \u00e0 jour par le secr\u00e9tariat de l\u2019ICOM et qui devra \u00eatre rapproch\u00e9e au cas par cas des listes \u00e9tablies par les comit\u00e9s nationaux. Notre r\u00e9seau de correspondants nationaux renforcera encore, par ce biais, son utilit\u00e9.<\/li>\n<li>Par le biais d\u2019un site web renouvel\u00e9 et r\u00e9actif, d\u2019une pr\u00e9sence encore augment\u00e9e sur les r\u00e9seaux sociaux, de l\u2019envoi pluriannuel de lettres d\u2019information. L\u2019ensemble des informations fournies devront \u00eatre syst\u00e9matiquement offertes dans les trois langues officielles de l\u2019ICOM, une t\u00e2che importante mais essentielle \u00e0 l\u2019inclusion de tous.<\/li>\n<\/ol>\n<ul>\n<li><b>La participation active du r\u00e9seau des membres<\/b>\u00a0sera sollicit\u00e9e de diverses mani\u00e8res :<\/li>\n<\/ul>\n<ol>\n<li>Par l\u2019\u00e9volution du format de nos rencontres annuelles vers un mode plus interactif favorisant \u00e9changes et t\u00e9moignages et reportant les ateliers traditionnels de pr\u00e9-conf\u00e9rence au sein m\u00eame de la conf\u00e9rence en les ouvrant ainsi \u00e0 tous.<\/li>\n<li>Par la constitution progressive de \u00ab Groupes d\u2019int\u00e9r\u00eats particuliers \u00bb, d\u00e9cidant chacun, autour d\u2019un coordinateur volontaire, d\u2019un travail sur le moyen terme autour d\u2019une th\u00e9matique commune, donnant lieu \u00e0 des comptes rendus au cours de la conf\u00e9rence annuelle.<\/li>\n<li>Par une attention particuli\u00e8re port\u00e9e \u00e0 la formation professionnelle du r\u00e9seau des membres, au-del\u00e0 de la simple information, renfor\u00e7ant les liens d\u00e9j\u00e0 initi\u00e9s entre recherche exp\u00e9rimentale et comp\u00e9tences professionnelles. Les candidats au Prix Best Practice seraient, par exemple, encourag\u00e9s \u00e0 venir affiner leurs outils d\u2019\u00e9valuation de leurs programmes au cours d\u2019ateliers lors de la conf\u00e9rence annuelle. Le nombre d\u2019ateliers r\u00e9gionaux serait augment\u00e9 et orient\u00e9 vers le d\u00e9veloppement de comp\u00e9tences structurantes en \u00e9ducation mus\u00e9ale.<\/li>\n<\/ol>\n<ul>\n<li><b>Le soutien \u00e0 la reconnaissance des comp\u00e9tences<\/b>\u00a0du personnel d\u2019\u00e9ducation au sein des mus\u00e9es, encourageant sa participation \u00e0 l\u2019\u00e9laboration des expositions et agissant par tous les moyens possibles pour une am\u00e9lioration des statuts professionnels des \u00e9ducateurs de mus\u00e9e.<\/li>\n<\/ul>\n<p class=\"bodytext\">J\u2019ai conscience que ce programme est ambitieux mais suis persuad\u00e9e qu\u2019il correspond au souhait des membres du CECA et qu\u2019il peut \u00eatre port\u00e9 par la tr\u00e8s belle \u00e9quipe qui vient de se constituer et par le dynamisme du r\u00e9seau.<\/p>\n<p class=\"bodytext\">Vive les mus\u00e9es, vive l\u2019\u00e9ducation qu\u2019ils procurent, vive les professionnels qui s\u2019y d\u00e9vouent !<\/p>\n<p class=\"bodytext\">Marie-Clart\u00e9 O&#8217;NEILL<br \/>\nPr\u00e9sidente du comit\u00e9 international ICOM CECA<br \/>\nSeptembre 2019<\/p>\n<\/div>\n<\/div>\n","protected":false},"excerpt":{"rendered":"<p>Chers membres du CECA, Me voici donc pr\u00e9sidente du CECA apr\u00e8s tant d\u2019ann\u00e9es d\u2019activit\u00e9s diverses en son sein. Je le prends comme un honneur mais aussi comme une responsabilit\u00e9 importante. Je voudrai tour d\u2019abord saluer l\u2019activit\u00e9 du Bureau pr\u00e9c\u00e9dent qui, sous la direction de Mila Chiovatto , outre les activit\u00e9s traditionnelles du CECA, en a [&hellip;]<\/p>\n","protected":false},"author":1,"featured_media":0,"comment_status":"open","ping_status":"open","sticky":false,"template":"","format":"standard","meta":{"footnotes":""},"categories":[17],"tags":[],"yst_prominent_words":[622,91,557,704,614,707,389,487,710,705,703,308,291,387,108,711,493,708,709,706],"acf":[],"_links":{"self":[{"href":"https:\/\/ceca.mini.icom.museum\/fr\/wp-json\/wp\/v2\/posts\/8115"}],"collection":[{"href":"https:\/\/ceca.mini.icom.museum\/fr\/wp-json\/wp\/v2\/posts"}],"about":[{"href":"https:\/\/ceca.mini.icom.museum\/fr\/wp-json\/wp\/v2\/types\/post"}],"author":[{"embeddable":true,"href":"https:\/\/ceca.mini.icom.museum\/fr\/wp-json\/wp\/v2\/users\/1"}],"replies":[{"embeddable":true,"href":"https:\/\/ceca.mini.icom.museum\/fr\/wp-json\/wp\/v2\/comments?post=8115"}],"version-history":[{"count":2,"href":"https:\/\/ceca.mini.icom.museum\/fr\/wp-json\/wp\/v2\/posts\/8115\/revisions"}],"predecessor-version":[{"id":8117,"href":"https:\/\/ceca.mini.icom.museum\/fr\/wp-json\/wp\/v2\/posts\/8115\/revisions\/8117"}],"wp:attachment":[{"href":"https:\/\/ceca.mini.icom.museum\/fr\/wp-json\/wp\/v2\/media?parent=8115"}],"wp:term":[{"taxonomy":"category","embeddable":true,"href":"https:\/\/ceca.mini.icom.museum\/fr\/wp-json\/wp\/v2\/categories?post=8115"},{"taxonomy":"post_tag","embeddable":true,"href":"https:\/\/ceca.mini.icom.museum\/fr\/wp-json\/wp\/v2\/tags?post=8115"},{"taxonomy":"yst_prominent_words","embeddable":true,"href":"https:\/\/ceca.mini.icom.museum\/fr\/wp-json\/wp\/v2\/yst_prominent_words?post=8115"}],"curies":[{"name":"wp","href":"https:\/\/api.w.org\/{rel}","templated":true}]}}