{"id":8862,"date":"2022-06-29T16:16:47","date_gmt":"2022-06-29T16:16:47","guid":{"rendered":"https:\/\/ceca.mini.icom.museum\/?p=8862"},"modified":"2022-06-29T16:42:59","modified_gmt":"2022-06-29T16:42:59","slug":"donner-du-sens-par-les-sens","status":"publish","type":"post","link":"https:\/\/ceca.mini.icom.museum\/fr\/donner-du-sens-par-les-sens\/","title":{"rendered":"&#8220;Donner du sens par les sens&#8221;"},"content":{"rendered":"<h4 style=\"text-align: center\"><strong>Conf\u00e9rence annuelle ICOM CECA France<br \/>\n&#8220;Donner du sens par les sens&#8221;<\/strong><\/h4>\n<h4 style=\"text-align: center\"><img decoding=\"async\" loading=\"lazy\" class=\"alignnone wp-image-8877\" src=\"https:\/\/ceca.mini.icom.museum\/wp-content\/uploads\/sites\/5\/2022\/06\/vignette-SIG-pour-interieur-1-300x198.jpg\" alt=\"\" width=\"400\" height=\"264\" srcset=\"https:\/\/ceca.mini.icom.museum\/wp-content\/uploads\/sites\/5\/2022\/06\/vignette-SIG-pour-interieur-1-300x198.jpg 300w, https:\/\/ceca.mini.icom.museum\/wp-content\/uploads\/sites\/5\/2022\/06\/vignette-SIG-pour-interieur-1-768x507.jpg 768w, https:\/\/ceca.mini.icom.museum\/wp-content\/uploads\/sites\/5\/2022\/06\/vignette-SIG-pour-interieur-1.jpg 814w\" sizes=\"(max-width: 400px) 100vw, 400px\" \/><\/h4>\n<h4><strong>Lundi 4 juillet 2022 au mus\u00e9e d\u2019art et d\u2019histoire du Juda\u00efsme, Pari<\/strong>s<\/h4>\n<p>Trois axes, qui correspondent \u00e0 la triple acception du mot \u00ab sens \u00bb, traceront le fil conducteur de cette journ\u00e9e : le sens entendu en tant que \u00ab direction \u00bb (les missions du mus\u00e9e et de la m\u00e9diation) ;<br \/>\nle sens entendu en tant que \u00ab signification \u00bb (les diff\u00e9rents savoirs, les diff\u00e9rentes approches, les diff\u00e9rents formats de la m\u00e9diation) ; le sens entendu en tant que \u00ab sensible \u00bb et \u00ab sensoriel \u00bb (la pr\u00e9sence et l\u2019importance du pluri-sensoriel dans la m\u00e9diation).<\/p>\n<p><strong>Programme &lt;<a href=\"https:\/\/ceca.mini.icom.museum\/wp-content\/uploads\/sites\/5\/2022\/06\/Journee-ICOM-CECA.pdf\" target=\"_blank\" rel=\"noopener\">suite ici<\/a>&gt;<\/strong><\/p>\n<p>&nbsp;<\/p>\n<p>&nbsp;<\/p>\n<p>&nbsp;<\/p>\n","protected":false},"excerpt":{"rendered":"<p>Conf\u00e9rence annuelle ICOM CECA France &#8220;Donner du sens par les sens&#8221; Lundi 4 juillet 2022 au mus\u00e9e d\u2019art et d\u2019histoire du Juda\u00efsme, Paris Trois axes, qui correspondent \u00e0 la triple acception du mot \u00ab sens \u00bb, traceront le fil conducteur de cette journ\u00e9e : le sens entendu en tant que \u00ab direction \u00bb (les missions [&hellip;]<\/p>\n","protected":false},"author":31,"featured_media":8880,"comment_status":"open","ping_status":"open","sticky":false,"template":"","format":"standard","meta":{"footnotes":""},"categories":[17],"tags":[],"yst_prominent_words":[91,389],"acf":[],"_links":{"self":[{"href":"https:\/\/ceca.mini.icom.museum\/fr\/wp-json\/wp\/v2\/posts\/8862"}],"collection":[{"href":"https:\/\/ceca.mini.icom.museum\/fr\/wp-json\/wp\/v2\/posts"}],"about":[{"href":"https:\/\/ceca.mini.icom.museum\/fr\/wp-json\/wp\/v2\/types\/post"}],"author":[{"embeddable":true,"href":"https:\/\/ceca.mini.icom.museum\/fr\/wp-json\/wp\/v2\/users\/31"}],"replies":[{"embeddable":true,"href":"https:\/\/ceca.mini.icom.museum\/fr\/wp-json\/wp\/v2\/comments?post=8862"}],"version-history":[{"count":6,"href":"https:\/\/ceca.mini.icom.museum\/fr\/wp-json\/wp\/v2\/posts\/8862\/revisions"}],"predecessor-version":[{"id":8883,"href":"https:\/\/ceca.mini.icom.museum\/fr\/wp-json\/wp\/v2\/posts\/8862\/revisions\/8883"}],"wp:featuredmedia":[{"embeddable":true,"href":"https:\/\/ceca.mini.icom.museum\/fr\/wp-json\/wp\/v2\/media\/8880"}],"wp:attachment":[{"href":"https:\/\/ceca.mini.icom.museum\/fr\/wp-json\/wp\/v2\/media?parent=8862"}],"wp:term":[{"taxonomy":"category","embeddable":true,"href":"https:\/\/ceca.mini.icom.museum\/fr\/wp-json\/wp\/v2\/categories?post=8862"},{"taxonomy":"post_tag","embeddable":true,"href":"https:\/\/ceca.mini.icom.museum\/fr\/wp-json\/wp\/v2\/tags?post=8862"},{"taxonomy":"yst_prominent_words","embeddable":true,"href":"https:\/\/ceca.mini.icom.museum\/fr\/wp-json\/wp\/v2\/yst_prominent_words?post=8862"}],"curies":[{"name":"wp","href":"https:\/\/api.w.org\/{rel}","templated":true}]}}