{"id":9704,"date":"2022-11-23T00:13:25","date_gmt":"2022-11-23T00:13:25","guid":{"rendered":"https:\/\/ceca.mini.icom.museum\/?p=9704"},"modified":"2022-11-23T00:13:25","modified_gmt":"2022-11-23T00:13:25","slug":"concourir-pour-le-prix-colette-dufresne-tasse-2023","status":"publish","type":"post","link":"https:\/\/ceca.mini.icom.museum\/fr\/concourir-pour-le-prix-colette-dufresne-tasse-2023\/","title":{"rendered":"Concourir pour le prix Colette Dufresne-Tass\u00e9 2023"},"content":{"rendered":"<p><strong>Le CECA a cr\u00e9\u00e9 en 2015 le Prix Colette Dufresne-Tass\u00e9.<\/strong><\/p>\n<p><img decoding=\"async\" loading=\"lazy\" class=\"size-medium wp-image-9683 alignright\" src=\"https:\/\/ceca.mini.icom.museum\/wp-content\/uploads\/sites\/5\/2022\/11\/French_PCDT_2023-300cadre-213x300.jpg\" alt=\"\" width=\"213\" height=\"300\" srcset=\"https:\/\/ceca.mini.icom.museum\/wp-content\/uploads\/sites\/5\/2022\/11\/French_PCDT_2023-300cadre-213x300.jpg 213w, https:\/\/ceca.mini.icom.museum\/wp-content\/uploads\/sites\/5\/2022\/11\/French_PCDT_2023-300cadre.jpg 314w\" sizes=\"(max-width: 213px) 100vw, 213px\" \/>Ce prix vise \u00e0 stimuler la recherche chez ses membres, acc\u00e9l\u00e9rer le d\u00e9veloppement de l\u2019\u00e9ducation\/l\u2019action culturelle, et am\u00e9liorer ainsi l\u2019offre des mus\u00e9es \u00e0 leurs publics.<br \/>\nLe prix est attribu\u00e9 \u00e0 l\u2019auteur de la meilleure communication de recherche empirique pr\u00e9sent\u00e9e \u00e0 la Conf\u00e9rence internationale annuelle du CECA.<br \/>\nLes textes qui concourent pour le prix peuvent \u00eatre soumis en anglais, en fran\u00e7ais ou en espagnol.<\/p>\n<p><strong>La date limite de soumission est le 29 mai 2023.<\/strong><\/p>\n<p><strong>Plus d&#8217;information &lt;<a href=\"https:\/\/ceca.mini.icom.museum\/fr\/prix-recherche\/ceca\/\" target=\"_blank\" rel=\"noopener\">ici<\/a>&gt;<\/strong><\/p>\n","protected":false},"excerpt":{"rendered":"<p>Le CECA a cr\u00e9\u00e9 en 2015 le Prix Colette Dufresne-Tass\u00e9. Ce prix vise \u00e0 stimuler la recherche chez ses membres, acc\u00e9l\u00e9rer le d\u00e9veloppement de l\u2019\u00e9ducation\/l\u2019action culturelle, et am\u00e9liorer ainsi l\u2019offre des mus\u00e9es \u00e0 leurs publics. Le prix est attribu\u00e9 \u00e0 l\u2019auteur de la meilleure communication de recherche empirique pr\u00e9sent\u00e9e \u00e0 la Conf\u00e9rence internationale annuelle du [&hellip;]<\/p>\n","protected":false},"author":31,"featured_media":9699,"comment_status":"open","ping_status":"open","sticky":false,"template":"","format":"standard","meta":{"footnotes":""},"categories":[17],"tags":[],"yst_prominent_words":[42,277,286,314,291,395,3105,309,310],"acf":[],"_links":{"self":[{"href":"https:\/\/ceca.mini.icom.museum\/fr\/wp-json\/wp\/v2\/posts\/9704"}],"collection":[{"href":"https:\/\/ceca.mini.icom.museum\/fr\/wp-json\/wp\/v2\/posts"}],"about":[{"href":"https:\/\/ceca.mini.icom.museum\/fr\/wp-json\/wp\/v2\/types\/post"}],"author":[{"embeddable":true,"href":"https:\/\/ceca.mini.icom.museum\/fr\/wp-json\/wp\/v2\/users\/31"}],"replies":[{"embeddable":true,"href":"https:\/\/ceca.mini.icom.museum\/fr\/wp-json\/wp\/v2\/comments?post=9704"}],"version-history":[{"count":1,"href":"https:\/\/ceca.mini.icom.museum\/fr\/wp-json\/wp\/v2\/posts\/9704\/revisions"}],"predecessor-version":[{"id":9705,"href":"https:\/\/ceca.mini.icom.museum\/fr\/wp-json\/wp\/v2\/posts\/9704\/revisions\/9705"}],"wp:featuredmedia":[{"embeddable":true,"href":"https:\/\/ceca.mini.icom.museum\/fr\/wp-json\/wp\/v2\/media\/9699"}],"wp:attachment":[{"href":"https:\/\/ceca.mini.icom.museum\/fr\/wp-json\/wp\/v2\/media?parent=9704"}],"wp:term":[{"taxonomy":"category","embeddable":true,"href":"https:\/\/ceca.mini.icom.museum\/fr\/wp-json\/wp\/v2\/categories?post=9704"},{"taxonomy":"post_tag","embeddable":true,"href":"https:\/\/ceca.mini.icom.museum\/fr\/wp-json\/wp\/v2\/tags?post=9704"},{"taxonomy":"yst_prominent_words","embeddable":true,"href":"https:\/\/ceca.mini.icom.museum\/fr\/wp-json\/wp\/v2\/yst_prominent_words?post=9704"}],"curies":[{"name":"wp","href":"https:\/\/api.w.org\/{rel}","templated":true}]}}