{"id":9750,"date":"2022-11-24T16:50:16","date_gmt":"2022-11-24T16:50:16","guid":{"rendered":"https:\/\/ceca.mini.icom.museum\/?p=9750"},"modified":"2022-11-24T18:33:04","modified_gmt":"2022-11-24T18:33:04","slug":"assemblee-generale-2022-proces-verbal-et-comptes-rendus-dactivites","status":"publish","type":"post","link":"https:\/\/ceca.mini.icom.museum\/fr\/assemblee-generale-2022-proces-verbal-et-comptes-rendus-dactivites\/","title":{"rendered":"Assembl\u00e9e G\u00e9n\u00e9rale 2022"},"content":{"rendered":"<h3><strong>L&#8217;Assembl\u00e9e G\u00e9n\u00e9rale de 2022 se tiendra en l\u00e9ger d\u00e9cal\u00e9, le 14 janvier 2023, \u00e0 15h (heure de Paris).<br \/>\n<\/strong><\/h3>\n<p>Y seront pr\u00e9sent\u00e9s les rapports des nombreuses activit\u00e9s significatives du CECA au cours de l\u2019ann\u00e9e \u00e9coul\u00e9e.<br \/>\n<strong>Elle se tiendra en ligne, sur la plateforme Zoom<\/strong>.<br \/>\nLes membres CECA recevront pr\u00e9alablement un m\u00e9l individuel contenant les coordonn\u00e9es d&#8217;acc\u00e8s \u00e0 la r\u00e9union Zoom.<br \/>\nLes informations pratiques seront bient\u00f4t consultables sur la page du site d\u00e9di\u00e9e aux Assembl\u00e9es g\u00e9n\u00e9rales. Consultez r\u00e9guli\u00e8rement le site et nos r\u00e9seaux sociaux.<\/p>\n<p>&nbsp;<\/p>\n","protected":false},"excerpt":{"rendered":"<p>L&#8217;Assembl\u00e9e G\u00e9n\u00e9rale de 2022 se tiendra en l\u00e9ger d\u00e9cal\u00e9, le 14 janvier 2023, \u00e0 15h (heure de Paris). Y seront pr\u00e9sent\u00e9s les rapports des nombreuses activit\u00e9s significatives du CECA au cours de l\u2019ann\u00e9e \u00e9coul\u00e9e. Elle se tiendra en ligne, sur la plateforme Zoom. Les membres CECA recevront pr\u00e9alablement un m\u00e9l individuel contenant les coordonn\u00e9es d&#8217;acc\u00e8s [&hellip;]<\/p>\n","protected":false},"author":31,"featured_media":9748,"comment_status":"open","ping_status":"open","sticky":false,"template":"","format":"standard","meta":{"footnotes":""},"categories":[17],"tags":[],"yst_prominent_words":[42,277,389,286,291,395,711,983,862],"acf":[],"_links":{"self":[{"href":"https:\/\/ceca.mini.icom.museum\/fr\/wp-json\/wp\/v2\/posts\/9750"}],"collection":[{"href":"https:\/\/ceca.mini.icom.museum\/fr\/wp-json\/wp\/v2\/posts"}],"about":[{"href":"https:\/\/ceca.mini.icom.museum\/fr\/wp-json\/wp\/v2\/types\/post"}],"author":[{"embeddable":true,"href":"https:\/\/ceca.mini.icom.museum\/fr\/wp-json\/wp\/v2\/users\/31"}],"replies":[{"embeddable":true,"href":"https:\/\/ceca.mini.icom.museum\/fr\/wp-json\/wp\/v2\/comments?post=9750"}],"version-history":[{"count":6,"href":"https:\/\/ceca.mini.icom.museum\/fr\/wp-json\/wp\/v2\/posts\/9750\/revisions"}],"predecessor-version":[{"id":9758,"href":"https:\/\/ceca.mini.icom.museum\/fr\/wp-json\/wp\/v2\/posts\/9750\/revisions\/9758"}],"wp:featuredmedia":[{"embeddable":true,"href":"https:\/\/ceca.mini.icom.museum\/fr\/wp-json\/wp\/v2\/media\/9748"}],"wp:attachment":[{"href":"https:\/\/ceca.mini.icom.museum\/fr\/wp-json\/wp\/v2\/media?parent=9750"}],"wp:term":[{"taxonomy":"category","embeddable":true,"href":"https:\/\/ceca.mini.icom.museum\/fr\/wp-json\/wp\/v2\/categories?post=9750"},{"taxonomy":"post_tag","embeddable":true,"href":"https:\/\/ceca.mini.icom.museum\/fr\/wp-json\/wp\/v2\/tags?post=9750"},{"taxonomy":"yst_prominent_words","embeddable":true,"href":"https:\/\/ceca.mini.icom.museum\/fr\/wp-json\/wp\/v2\/yst_prominent_words?post=9750"}],"curies":[{"name":"wp","href":"https:\/\/api.w.org\/{rel}","templated":true}]}}